{"id":8941,"date":"2019-12-11T16:32:51","date_gmt":"2019-12-11T16:32:51","guid":{"rendered":"https:\/\/www.hunimed.eu\/?p=8941"},"modified":"2023-03-13T12:34:11","modified_gmt":"2023-03-13T11:34:11","slug":"apertura-dellanno-accademico-2019-2020","status":"publish","type":"post","link":"https:\/\/hunimed.humweb.webiz.team\/it\/news\/apertura-dellanno-accademico-2019-2020\/","title":{"rendered":"Apertura dell\u2019anno accademico 2019-2020 in Humanitas University: l\u2019impegno per una Medicina innovativa e per la salute globale"},"content":{"rendered":"<p>Il <strong>5 dicembre 2019<\/strong> <strong>Humanitas University<\/strong> ha inaugurato il suo <strong>sesto anno accademico<\/strong>.<\/p>\n<p>Oltre al <strong>rettore Marco Montorsi<\/strong>, sono intervenuti il viceministro della Salute <strong>Pierpaolo Sileri<\/strong>, l\u2019Assessore al Welfare di Regione Lombardia <strong>Giulio Gallera<\/strong>, il Sindaco di Milano <strong>Giuseppe Sala<\/strong> e il sindaco di Pieve Emanuele <strong>Paolo Festa<\/strong>.<\/p>\n<p><img loading=\"lazy\" decoding=\"async\" class=\"alignnone size-full wp-image-8944\" src=\"https:\/\/hunimed.humweb.webiz.team\/wp-content\/uploads\/2019\/12\/Humanitas_University-131.jpg\" alt=\"\" width=\"5760\" height=\"3840\" \/><\/p>\n<p><img loading=\"lazy\" decoding=\"async\" class=\"alignnone size-full wp-image-8958\" src=\"https:\/\/hunimed.humweb.webiz.team\/wp-content\/uploads\/2019\/12\/Humanitas_University-106-1.jpg\" alt=\"\" width=\"5760\" height=\"3840\" \/><\/p>\n<p>Alla cerimonia hanno presenziato anche <strong>Don Dante Carraro<\/strong>, Direttore Cuamm-Medici con l\u2019Africa, e <strong>Mariella Enoc<\/strong>, Presidente dell\u2019Ospedale Bambino Ges\u00f9, con cui l\u2019ateneo collabora dal 2018 sul fronte didattico per il\u00a0<strong>Progetto Bangui<\/strong>, nato in seguito all\u2019appello del Papa di aiutare l\u2019ospedale pediatrico del Paese centroafricano.<\/p>\n<p><img loading=\"lazy\" decoding=\"async\" class=\"alignnone size-full wp-image-8942\" src=\"https:\/\/hunimed.humweb.webiz.team\/wp-content\/uploads\/2019\/12\/Humanitas_University-135.jpg\" alt=\"\" width=\"5385\" height=\"3590\" \/><\/p>\n<p><img loading=\"lazy\" decoding=\"async\" class=\"alignnone size-full wp-image-8960\" src=\"https:\/\/hunimed.humweb.webiz.team\/wp-content\/uploads\/2019\/12\/Humanitas_University-161.jpg\" alt=\"\" width=\"5760\" height=\"3840\" \/><\/p>\n<h3><strong>Humanitas University, una realt\u00e0 internazionale<\/strong><\/h3>\n<p>L\u2019ateneo, dedicato alle Life Sciences, in cui l\u2019insegnamento \u00e8 condotto interamente in lingua inglese, \u00e8 strettamente integrato con l\u2019IRCCS Istituto Clinico Humanitas di Rozzano.<\/p>\n<p>Oltre al corso di <strong>Medicina internazionale <\/strong>e al nuovo <strong>MEDTEC School<\/strong>, creato insieme al Politecnico di Milano, sono presenti anche un corso di <strong>Laurea in Infermieristica<\/strong> e un corso di <strong>Laurea in Fisioterapia<\/strong>.<\/p>\n<p>Le lezioni si svolgono presso il nuovo <strong>Campus<\/strong>, concepito secondo i pi\u00f9 moderni standard in termini di tecnologia e comfort ambientale per favorire occasioni di incontro e di scambio tra docenti, ricercatori e studenti provenienti da ogni parte del mondo.<br \/>\nAll\u2019interno del Campus si trova il <strong>Simulation Lab<\/strong>, che include il Mario Luzzatto Simulation Center e un Anatomy Lab, uno spazio altamente tecnologico, tra i pi\u00f9 grandi in Europa, a disposizione di studenti, specializzandi e professionisti della salute.<\/p>\n<h3><strong>La sfida di Humanitas University nel 2020<\/strong><\/h3>\n<p>Il nuovo anno accademico, oltre alla <strong>formazione altamente innovativa<\/strong>, sar\u00e0 incentrato sulla sensibilizzazione dei futuri medici e operatori sanitari alla condivisione di esperienze e al loro <strong>impegno professionale e umano<\/strong> anche nei Paesi pi\u00f9 poveri e arretrati del mondo, come l\u2019Africa.<\/p>\n<p>\u00c8 quanto ha sottolineato, infatti, <strong>Gianfelice Rocca<\/strong>, Presidente di Humanitas, nel suo discorso di apertura dell\u2019anno accademico 2019-2020: \u201cPer un Ateneo come il nostro, che ha fatto dell\u2019innovazione e della tecnologia un elemento distintivo, quest\u2019apertura di anno accademico focalizzata sull\u2019Africa rappresenta un importante momento di riflessione sulla necessit\u00e0 e la capacit\u00e0 di essere innovativi anche in contesti molto differenti. L\u2019Africa \u00e8 oggi una frontiera, perch\u00e9 l\u00ec vive \u2013 e sempre pi\u00f9 si concentrer\u00e0 in futuro \u2013 gran parte della popolazione mondiale. \u00c8 una terra di sfide: demografiche, geopolitiche, sanitarie e di innovazione. Sfide che \u2013 mi auguro \u2013 i futuri professionisti della salute che formiamo possano cogliere, portando il loro contributo. Penso, ad esempio, agli studenti di MEDTEC School e al loro possibile ruolo in una Medicina che, grazie alla tecnologia, trova strade di innovazione che rispondono ai bisogni di un territorio cos\u00ec profondamente diverso dal nostro\u201d.\u00a0\u00a0\u00a0<img loading=\"lazy\" decoding=\"async\" class=\"alignnone size-full wp-image-8962\" src=\"https:\/\/hunimed.humweb.webiz.team\/wp-content\/uploads\/2019\/12\/Humanitas_University-170.jpg\" alt=\"\" width=\"5760\" height=\"3840\" \/><\/p>\n<h3><strong>L\u2019impegno di Humanitas University in Africa<\/strong><\/h3>\n<p>Il <strong>Progetto Bangui<\/strong>, coordinato dalla <strong>dottoressa<\/strong> <strong>Maria Grazia Bordoni<\/strong>, gi\u00e0 dallo scorso anno vede il coinvolgimento di medici, operatori sanitari e docenti di Humanitas University, che si dedicano agli altri svolgendo corsi di tecniche chirurgiche e di lavoro in gruppo e leadership a Bangui.<\/p>\n<p>Inoltre, tra febbraio e maggio 2020, \u00e8 previsto l\u2019arrivo in Humanitas di due laureati dell\u2019universit\u00e0 della citt\u00e0 centroafricana per un approfondimento sulla diagnostica per immagini.<\/p>\n<p>A sottolineare l\u2019importanza della partecipazione al progetto da parte di Humanitas University, \u00e8 intervenuto il <strong>rettore<\/strong> dell\u2019ateneo,<strong> Marco Montorsi<\/strong>: \u201cCome istituzione abbiamo il dovere di raccogliere la sfida di comprendere i bisogni dei pazienti e formare professionisti della salute in grado di agire con efficacia in qualunque parte del mondo, dunque pronti ed aperti a mettere in discussione quello che hanno imparato per adattarlo in funzione dei diversi scenari che si troveranno ad affrontare, siano essi in Italia o altrove\u201d.<\/p>\n<p><img loading=\"lazy\" decoding=\"async\" class=\"alignnone size-full wp-image-8965\" src=\"https:\/\/hunimed.humweb.webiz.team\/wp-content\/uploads\/2019\/12\/Humanitas_University-153.jpg\" alt=\"\" width=\"5760\" height=\"3840\" \/><\/p>\n<h3><strong>La continua crescita di Humanitas University <\/strong><\/h3>\n<p>Marco Montorsi ha voluto poi sottolineare il <strong>forte sviluppo dell\u2019universit\u00e0<\/strong> in questi <strong>sei anni di attivit\u00e0<\/strong> e gli <strong>investimenti<\/strong> realizzati per diventare una significativa presenza a livello internazionale.<\/p>\n<p>\u201cIl bilancio dei nostri primi sei anni di vita \u00e8 molto positivo: siamo cresciuti e abbiamo continuato a investire per innovare. La forte sinergia e integrazione con il mondo della clinica e della ricerca ci ha consentito di alimentare un circolo virtuoso che ha portato ad attrarre docenti e ricercatori di grande esperienza e valore, grazie alla possibilit\u00e0 di inserirsi in un contesto internazionale di grande valore e riconosciuto in tutta Europa\u201d, ha riferito il rettore.<\/p>\n<p><img loading=\"lazy\" decoding=\"async\" class=\"alignnone size-full wp-image-8967\" src=\"https:\/\/hunimed.humweb.webiz.team\/wp-content\/uploads\/2019\/12\/Humanitas_University-167-min.jpg\" alt=\"\" width=\"5760\" height=\"3840\" \/><\/p>\n<p>\u201c\u00c8 cresciuto il numero di studenti, dai primi 100 pionieri del 2014 a oltre 1.400 ragazzi, abbiamo avviato nuovi Corsi di Laurea, ultimo nato MEDTEC School sviluppato con un partner di eccellenza come il Politecnico di Milano. Sul fronte della formazione post-laurea, siamo sede di numerose Scuole di Specializzazione, PhD e Master. Inoltre, il nostro Simulation Center si \u00e8 appena arricchito del nuovo \u201cCUBE\u201d, uno spazio di tecnologia e condivisione delle conoscenze dedicato agli specializzandi, 24 ore su 24, 7 giorni su 7, equipaggiato con le pi\u00f9 avanzate tecnologie come simulatori artroscopici e laparoscopia, postazioni per esercitarsi con suture e simulatori per la gestione delle vie aeree e delle emergenze\u201d, ha concluso Montorsi.<\/p>\n<p><iframe loading=\"lazy\" title=\"Inaugurazione Anno Accademico 2019\/2020\" width=\"640\" height=\"360\" src=\"https:\/\/www.youtube.com\/embed\/0HEfX2FgDzc?feature=oembed\" frameborder=\"0\" allow=\"accelerometer; autoplay; clipboard-write; encrypted-media; gyroscope; picture-in-picture; web-share\" allowfullscreen><\/iframe><\/p>\n","protected":false},"excerpt":{"rendered":"<p>Il 5 dicembre 2019 Humanitas University ha inaugurato il suo sesto anno accademico. Oltre al rettore Marco Montorsi,&#8230;<\/p>\n","protected":false},"author":2,"featured_media":8952,"comment_status":"closed","ping_status":"closed","sticky":false,"template":"","format":"standard","meta":{"footnotes":""},"categories":[769,763,765],"tags":[],"yoast_head":"<!-- This site is optimized with the Yoast SEO plugin v22.0 - https:\/\/yoast.com\/wordpress\/plugins\/seo\/ -->\n<title>Apertura dell\u2019anno accademico 2019-2020 in Humanitas University: l\u2019impegno per una Medicina innovativa e per la salute globale - Hunimed<\/title>\n<meta name=\"description\" content=\"Il 5 dicembre 2019 Humanitas University ha inaugurato il suo sesto anno accademico. Oltre al rettore Marco Montorsi, sono intervenuti il viceministro\" \/>\n<meta name=\"robots\" content=\"noindex, follow, max-snippet:-1, max-image-preview:large, max-video-preview:-1\" \/>\n<meta property=\"og:locale\" content=\"it_IT\" \/>\n<meta property=\"og:type\" content=\"article\" \/>\n<meta property=\"og:title\" content=\"Apertura dell\u2019anno accademico 2019-2020 in Humanitas University: l\u2019impegno per una Medicina innovativa e per la salute globale - Hunimed\" \/>\n<meta property=\"og:description\" content=\"Il 5 dicembre 2019 Humanitas University ha inaugurato il suo sesto anno accademico. Oltre al rettore Marco Montorsi, sono intervenuti il viceministro\" \/>\n<meta property=\"og:url\" content=\"https:\/\/www.hunimed.eu\/it\/news\/apertura-dellanno-accademico-2019-2020\/\" \/>\n<meta property=\"og:site_name\" content=\"Hunimed\" \/>\n<meta property=\"article:publisher\" content=\"https:\/\/www.facebook.com\/Hunimed\/\" \/>\n<meta property=\"article:published_time\" content=\"2019-12-11T16:32:51+00:00\" \/>\n<meta property=\"article:modified_time\" content=\"2023-03-13T11:34:11+00:00\" \/>\n<meta property=\"og:image\" content=\"https:\/\/www.hunimed.eu\/wp-content\/uploads\/2019\/12\/Humanitas_University-174.jpg\" \/>\n\t<meta property=\"og:image:width\" content=\"640\" \/>\n\t<meta property=\"og:image:height\" content=\"427\" \/>\n\t<meta property=\"og:image:type\" content=\"image\/jpeg\" \/>\n<meta name=\"author\" content=\"Hunimed Web Team\" \/>\n<meta name=\"twitter:card\" content=\"summary_large_image\" \/>\n<meta name=\"twitter:label1\" content=\"Scritto da\" \/>\n\t<meta name=\"twitter:data1\" content=\"Hunimed Web Team\" \/>\n\t<meta name=\"twitter:label2\" content=\"Tempo di lettura stimato\" \/>\n\t<meta name=\"twitter:data2\" content=\"4 minuti\" \/>\n<script type=\"application\/ld+json\" class=\"yoast-schema-graph\">{\"@context\":\"https:\/\/schema.org\",\"@graph\":[{\"@type\":\"Article\",\"@id\":\"https:\/\/www.hunimed.eu\/it\/news\/apertura-dellanno-accademico-2019-2020\/#article\",\"isPartOf\":{\"@id\":\"https:\/\/www.hunimed.eu\/it\/news\/apertura-dellanno-accademico-2019-2020\/\"},\"author\":{\"name\":\"Hunimed Web Team\",\"@id\":\"https:\/\/hunimed.humweb.webiz.team\/#\/schema\/person\/94e938671185a38ef54cbc210d1c1d1c\"},\"headline\":\"Apertura dell\u2019anno accademico 2019-2020 in Humanitas University: l\u2019impegno per una Medicina innovativa e per la salute globale\",\"datePublished\":\"2019-12-11T16:32:51+00:00\",\"dateModified\":\"2023-03-13T11:34:11+00:00\",\"mainEntityOfPage\":{\"@id\":\"https:\/\/www.hunimed.eu\/it\/news\/apertura-dellanno-accademico-2019-2020\/\"},\"wordCount\":826,\"publisher\":{\"@id\":\"https:\/\/hunimed.humweb.webiz.team\/#organization\"},\"articleSection\":[\"Eventi\",\"Mondo Humanitas\",\"Vita dello Studente\"],\"inLanguage\":\"it-IT\"},{\"@type\":\"WebPage\",\"@id\":\"https:\/\/www.hunimed.eu\/it\/news\/apertura-dellanno-accademico-2019-2020\/\",\"url\":\"https:\/\/www.hunimed.eu\/it\/news\/apertura-dellanno-accademico-2019-2020\/\",\"name\":\"Apertura dell\u2019anno accademico 2019-2020 in Humanitas University: l\u2019impegno per una Medicina innovativa e per la salute globale - Hunimed\",\"isPartOf\":{\"@id\":\"https:\/\/hunimed.humweb.webiz.team\/#website\"},\"datePublished\":\"2019-12-11T16:32:51+00:00\",\"dateModified\":\"2023-03-13T11:34:11+00:00\",\"description\":\"Il 5 dicembre 2019 Humanitas University ha inaugurato il suo sesto anno accademico. Oltre al rettore Marco Montorsi, sono intervenuti il viceministro\",\"breadcrumb\":{\"@id\":\"https:\/\/www.hunimed.eu\/it\/news\/apertura-dellanno-accademico-2019-2020\/#breadcrumb\"},\"inLanguage\":\"it-IT\",\"potentialAction\":[{\"@type\":\"ReadAction\",\"target\":[\"https:\/\/www.hunimed.eu\/it\/news\/apertura-dellanno-accademico-2019-2020\/\"]}]},{\"@type\":\"BreadcrumbList\",\"@id\":\"https:\/\/www.hunimed.eu\/it\/news\/apertura-dellanno-accademico-2019-2020\/#breadcrumb\",\"itemListElement\":[{\"@type\":\"ListItem\",\"position\":1,\"name\":\"Home\",\"item\":\"https:\/\/www.hunimed.eu\/it\/\"},{\"@type\":\"ListItem\",\"position\":2,\"name\":\"Apertura dell\u2019anno accademico 2019-2020 in Humanitas University: l\u2019impegno per una Medicina innovativa e per la salute globale\"}]},{\"@type\":\"WebSite\",\"@id\":\"https:\/\/hunimed.humweb.webiz.team\/#website\",\"url\":\"https:\/\/hunimed.humweb.webiz.team\/\",\"name\":\"Hunimed\",\"description\":\"Humanitas University\",\"publisher\":{\"@id\":\"https:\/\/hunimed.humweb.webiz.team\/#organization\"},\"potentialAction\":[{\"@type\":\"SearchAction\",\"target\":{\"@type\":\"EntryPoint\",\"urlTemplate\":\"https:\/\/hunimed.humweb.webiz.team\/?s={search_term_string}\"},\"query-input\":\"required name=search_term_string\"}],\"inLanguage\":\"it-IT\"},{\"@type\":\"Organization\",\"@id\":\"https:\/\/hunimed.humweb.webiz.team\/#organization\",\"name\":\"Humanitas University\",\"url\":\"https:\/\/hunimed.humweb.webiz.team\/\",\"logo\":{\"@type\":\"ImageObject\",\"inLanguage\":\"it-IT\",\"@id\":\"https:\/\/hunimed.humweb.webiz.team\/#\/schema\/logo\/image\/\",\"url\":\"https:\/\/hunimed.humweb.webiz.team\/wp-content\/uploads\/2019\/07\/logo.svg\",\"contentUrl\":\"https:\/\/hunimed.humweb.webiz.team\/wp-content\/uploads\/2019\/07\/logo.svg\",\"caption\":\"Humanitas University\"},\"image\":{\"@id\":\"https:\/\/hunimed.humweb.webiz.team\/#\/schema\/logo\/image\/\"},\"sameAs\":[\"https:\/\/www.facebook.com\/Hunimed\/\",\"https:\/\/www.linkedin.com\/school\/18280267\/admin\/\"]},{\"@type\":\"Person\",\"@id\":\"https:\/\/hunimed.humweb.webiz.team\/#\/schema\/person\/94e938671185a38ef54cbc210d1c1d1c\",\"name\":\"Hunimed Web Team\",\"image\":{\"@type\":\"ImageObject\",\"inLanguage\":\"it-IT\",\"@id\":\"https:\/\/hunimed.humweb.webiz.team\/#\/schema\/person\/image\/\",\"url\":\"https:\/\/secure.gravatar.com\/avatar\/d661629a838c7c869f96343935144a64?s=96&d=mm&r=g\",\"contentUrl\":\"https:\/\/secure.gravatar.com\/avatar\/d661629a838c7c869f96343935144a64?s=96&d=mm&r=g\",\"caption\":\"Hunimed Web Team\"},\"url\":\"https:\/\/hunimed.humweb.webiz.team\/it\/news\/author\/hunimed-web-team\/\"}]}<\/script>\n<!-- \/ Yoast SEO plugin. -->","yoast_head_json":{"title":"Apertura dell\u2019anno accademico 2019-2020 in Humanitas University: l\u2019impegno per una Medicina innovativa e per la salute globale - Hunimed","description":"Il 5 dicembre 2019 Humanitas University ha inaugurato il suo sesto anno accademico. Oltre al rettore Marco Montorsi, sono intervenuti il viceministro","robots":{"index":"noindex","follow":"follow","max-snippet":"max-snippet:-1","max-image-preview":"max-image-preview:large","max-video-preview":"max-video-preview:-1"},"og_locale":"it_IT","og_type":"article","og_title":"Apertura dell\u2019anno accademico 2019-2020 in Humanitas University: l\u2019impegno per una Medicina innovativa e per la salute globale - Hunimed","og_description":"Il 5 dicembre 2019 Humanitas University ha inaugurato il suo sesto anno accademico. Oltre al rettore Marco Montorsi, sono intervenuti il viceministro","og_url":"https:\/\/www.hunimed.eu\/it\/news\/apertura-dellanno-accademico-2019-2020\/","og_site_name":"Hunimed","article_publisher":"https:\/\/www.facebook.com\/Hunimed\/","article_published_time":"2019-12-11T16:32:51+00:00","article_modified_time":"2023-03-13T11:34:11+00:00","og_image":[{"url":"https:\/\/www.hunimed.eu\/wp-content\/uploads\/2019\/12\/Humanitas_University-174.jpg","width":640,"height":427,"type":"image\/jpeg"}],"author":"Hunimed Web Team","twitter_card":"summary_large_image","twitter_misc":{"Scritto da":"Hunimed Web Team","Tempo di lettura stimato":"4 minuti"},"schema":{"@context":"https:\/\/schema.org","@graph":[{"@type":"Article","@id":"https:\/\/www.hunimed.eu\/it\/news\/apertura-dellanno-accademico-2019-2020\/#article","isPartOf":{"@id":"https:\/\/www.hunimed.eu\/it\/news\/apertura-dellanno-accademico-2019-2020\/"},"author":{"name":"Hunimed Web Team","@id":"https:\/\/hunimed.humweb.webiz.team\/#\/schema\/person\/94e938671185a38ef54cbc210d1c1d1c"},"headline":"Apertura dell\u2019anno accademico 2019-2020 in Humanitas University: l\u2019impegno per una Medicina innovativa e per la salute globale","datePublished":"2019-12-11T16:32:51+00:00","dateModified":"2023-03-13T11:34:11+00:00","mainEntityOfPage":{"@id":"https:\/\/www.hunimed.eu\/it\/news\/apertura-dellanno-accademico-2019-2020\/"},"wordCount":826,"publisher":{"@id":"https:\/\/hunimed.humweb.webiz.team\/#organization"},"articleSection":["Eventi","Mondo Humanitas","Vita dello Studente"],"inLanguage":"it-IT"},{"@type":"WebPage","@id":"https:\/\/www.hunimed.eu\/it\/news\/apertura-dellanno-accademico-2019-2020\/","url":"https:\/\/www.hunimed.eu\/it\/news\/apertura-dellanno-accademico-2019-2020\/","name":"Apertura dell\u2019anno accademico 2019-2020 in Humanitas University: l\u2019impegno per una Medicina innovativa e per la salute globale - Hunimed","isPartOf":{"@id":"https:\/\/hunimed.humweb.webiz.team\/#website"},"datePublished":"2019-12-11T16:32:51+00:00","dateModified":"2023-03-13T11:34:11+00:00","description":"Il 5 dicembre 2019 Humanitas University ha inaugurato il suo sesto anno accademico. Oltre al rettore Marco Montorsi, sono intervenuti il viceministro","breadcrumb":{"@id":"https:\/\/www.hunimed.eu\/it\/news\/apertura-dellanno-accademico-2019-2020\/#breadcrumb"},"inLanguage":"it-IT","potentialAction":[{"@type":"ReadAction","target":["https:\/\/www.hunimed.eu\/it\/news\/apertura-dellanno-accademico-2019-2020\/"]}]},{"@type":"BreadcrumbList","@id":"https:\/\/www.hunimed.eu\/it\/news\/apertura-dellanno-accademico-2019-2020\/#breadcrumb","itemListElement":[{"@type":"ListItem","position":1,"name":"Home","item":"https:\/\/www.hunimed.eu\/it\/"},{"@type":"ListItem","position":2,"name":"Apertura dell\u2019anno accademico 2019-2020 in Humanitas University: l\u2019impegno per una Medicina innovativa e per la salute globale"}]},{"@type":"WebSite","@id":"https:\/\/hunimed.humweb.webiz.team\/#website","url":"https:\/\/hunimed.humweb.webiz.team\/","name":"Hunimed","description":"Humanitas University","publisher":{"@id":"https:\/\/hunimed.humweb.webiz.team\/#organization"},"potentialAction":[{"@type":"SearchAction","target":{"@type":"EntryPoint","urlTemplate":"https:\/\/hunimed.humweb.webiz.team\/?s={search_term_string}"},"query-input":"required name=search_term_string"}],"inLanguage":"it-IT"},{"@type":"Organization","@id":"https:\/\/hunimed.humweb.webiz.team\/#organization","name":"Humanitas University","url":"https:\/\/hunimed.humweb.webiz.team\/","logo":{"@type":"ImageObject","inLanguage":"it-IT","@id":"https:\/\/hunimed.humweb.webiz.team\/#\/schema\/logo\/image\/","url":"https:\/\/hunimed.humweb.webiz.team\/wp-content\/uploads\/2019\/07\/logo.svg","contentUrl":"https:\/\/hunimed.humweb.webiz.team\/wp-content\/uploads\/2019\/07\/logo.svg","caption":"Humanitas University"},"image":{"@id":"https:\/\/hunimed.humweb.webiz.team\/#\/schema\/logo\/image\/"},"sameAs":["https:\/\/www.facebook.com\/Hunimed\/","https:\/\/www.linkedin.com\/school\/18280267\/admin\/"]},{"@type":"Person","@id":"https:\/\/hunimed.humweb.webiz.team\/#\/schema\/person\/94e938671185a38ef54cbc210d1c1d1c","name":"Hunimed Web Team","image":{"@type":"ImageObject","inLanguage":"it-IT","@id":"https:\/\/hunimed.humweb.webiz.team\/#\/schema\/person\/image\/","url":"https:\/\/secure.gravatar.com\/avatar\/d661629a838c7c869f96343935144a64?s=96&d=mm&r=g","contentUrl":"https:\/\/secure.gravatar.com\/avatar\/d661629a838c7c869f96343935144a64?s=96&d=mm&r=g","caption":"Hunimed Web Team"},"url":"https:\/\/hunimed.humweb.webiz.team\/it\/news\/author\/hunimed-web-team\/"}]}},"acf":[],"_links":{"self":[{"href":"https:\/\/hunimed.humweb.webiz.team\/it\/wp-json\/wp\/v2\/posts\/8941"}],"collection":[{"href":"https:\/\/hunimed.humweb.webiz.team\/it\/wp-json\/wp\/v2\/posts"}],"about":[{"href":"https:\/\/hunimed.humweb.webiz.team\/it\/wp-json\/wp\/v2\/types\/post"}],"author":[{"embeddable":true,"href":"https:\/\/hunimed.humweb.webiz.team\/it\/wp-json\/wp\/v2\/users\/2"}],"replies":[{"embeddable":true,"href":"https:\/\/hunimed.humweb.webiz.team\/it\/wp-json\/wp\/v2\/comments?post=8941"}],"version-history":[{"count":10,"href":"https:\/\/hunimed.humweb.webiz.team\/it\/wp-json\/wp\/v2\/posts\/8941\/revisions"}],"predecessor-version":[{"id":23928,"href":"https:\/\/hunimed.humweb.webiz.team\/it\/wp-json\/wp\/v2\/posts\/8941\/revisions\/23928"}],"wp:featuredmedia":[{"embeddable":true,"href":"https:\/\/hunimed.humweb.webiz.team\/it\/wp-json\/wp\/v2\/media\/8952"}],"wp:attachment":[{"href":"https:\/\/hunimed.humweb.webiz.team\/it\/wp-json\/wp\/v2\/media?parent=8941"}],"wp:term":[{"taxonomy":"category","embeddable":true,"href":"https:\/\/hunimed.humweb.webiz.team\/it\/wp-json\/wp\/v2\/categories?post=8941"},{"taxonomy":"post_tag","embeddable":true,"href":"https:\/\/hunimed.humweb.webiz.team\/it\/wp-json\/wp\/v2\/tags?post=8941"}],"curies":[{"name":"wp","href":"https:\/\/api.w.org\/{rel}","templated":true}]}}