{"id":24670,"date":"2023-05-03T09:00:19","date_gmt":"2023-05-03T08:00:19","guid":{"rendered":"https:\/\/www.hunimed.eu\/?p=24670"},"modified":"2023-05-03T11:49:31","modified_gmt":"2023-05-03T10:49:31","slug":"carlo-verdone-tra-medicina-e-comunicazione","status":"publish","type":"post","link":"https:\/\/hunimed.humweb.webiz.team\/it\/news\/carlo-verdone-tra-medicina-e-comunicazione\/","title":{"rendered":"Carlo Verdone, tra Medicina e Comunicazione"},"content":{"rendered":"<p><em>L\u2019attore dialoga con Gianni Canova, rettore Universit\u00e0 IULM, e Marco Montorsi, rettore Humanitas University, sulla comunicazione della salute e della scienza. <\/em><em>Durante l\u2019evento sar\u00e0 presentata la Masterclass settembrina di comunicazione scientifica, curata dai due Atenei e dedicata a medici, ricercatori e scienziati.<\/em><\/p>\n<p>Si terr\u00e0 gioved\u00ec <strong>4 maggio, alle ore 18<\/strong>, presso l\u2019auditorium 6 di Universit\u00e0 IULM l\u2019evento \u201c<strong>Infodemia? No Grazie!<\/strong>\u201d. <strong>Carlo Verdone<\/strong> dialogher\u00e0 con<strong> Gianni Canova e Marco Montorsi<\/strong>, <strong>rettori di Universit\u00e0 IULM e Humanitas University<\/strong>. I due Atenei inaugurano una collaborazione sui temi della comunicazione scientifica e medica, che avr\u00e0 come esito pi\u00f9 rilevante una Masterclass dedicata ai professionisti della scienza e della salute.<\/p>\n<p>\u00abConosciamo Carlo Verdone come grande uomo di spettacolo, attore comico o \u201cmalin-comico\u201d \u2013 commenta il prof. <strong>Gianni Canova, rettore dell\u2019Universit\u00e0 IULM<\/strong> -, ma \u00e8 anche un uomo che ha dedicato tutta la vita al tema della salute. Per questo lo abbiamo invitato per ragionare insieme su come comunicare temi centrali quali la salute, la Scienza e la Medicina. La conversazione si allargher\u00e0 alla sua esperienza di attore, con i personaggi che Verdone ha creato, regalandoci una straordinaria galleria di tutte le possibili declinazioni dell\u2019umano, sano e insano\u00bb.<\/p>\n<p>L\u2019impatto della comunicazione scientifica sulla societ\u00e0 \u00e8 emerso chiaramente durante la pandemia:<\/p>\n<p>\u00abDa quando il sapere scientifico \u00e8 uscito dai laboratori e dagli ospedali per entrare nei salotti tv e nelle case degli italiani, \u00e8 aumentata la responsabilit\u00e0 sociale del medico e del ricercatore nel veicolare una corretta informazione &#8211; spiega il prof. <strong>Marco Montorsi, rettore Humanitas University<\/strong> -. Questo significa, da un lato, avere dimestichezza delle logiche sottese al mondo dei media, vecchi e nuovi, dall\u2019altro acquisire uno stile comunicativo efficace e sicuro, imparando le regole dello storytelling\u00bb.<\/p>\n<p>Durante l\u2019evento sar\u00e0 presentata la <strong>masterclass<\/strong> <strong>\u201cInfodemia? No Grazie!\u201d<\/strong> (<strong>8-9; 29-30 settembre<\/strong>) rivolta a medici, ricercatori e specialisti del mondo della salute, organizzata dai due atenei con la partecipazione di una faculty che unisce le competenze per le quali essi rappresentano, in Italia, casi di eccellenza. Interverranno scienziati &#8211; Alberto <strong>Mantovani<\/strong>, Maria <strong>Rescigno<\/strong>, Marinos <strong>Kallikourdis<\/strong> e Giampaolo <strong>Perna<\/strong> &#8211; professionisti della comunicazione e studiosi delle scienze sociali: Gabriele Bertipaglia, Walter Bruno, Andrea Camaiora Nicoletta Carbone, Tonia Cartolano, Gilberto Corbellini, Guido Di Fraia, Monica Maggioni, Paolo Maggioni, Marco Magheri, Daniele Manca, Anna Meldoles, Alberto Mingardi, Luigi Ripamonti e Roberta Villa.<\/p>\n<p>La recente pandemia ha messo in risalto una criticit\u00e0 legata alla comunicazione: tra medico e paziente, tra istituzioni e cittadini, tra scienziati e giornalisti. Obiettivo della Masterclass \u00e8 cercare di <strong>migliorare la capacit\u00e0 di comunicare la salute<\/strong> <strong>e la scienza<\/strong> partendo dalla consapevolezza che, oltre a combattere contro le pandemie, <strong>\u00e8<\/strong> <strong>importante prepararsi a contrastare la minaccia dell\u2019infodemia<\/strong>.<\/p>\n<p>Il corso si svolger\u00e0 in alternanza nelle aule di Universit\u00e0 IULM e di Humanitas University, e preveder\u00e0 momenti di teoria e attivit\u00e0 pratiche con role play.<\/p>\n<p><a class=\"button secondary\" href=\"https:\/\/survey.alchemer.eu\/s3\/90554862\/Eventi-IULM\">ISCRIVITI ORA<\/a><\/p>\n","protected":false},"excerpt":{"rendered":"<p>L\u2019attore dialoga con Gianni Canova, rettore Universit\u00e0 IULM, e Marco Montorsi, rettore Humanitas University, sulla comunicazione della salute&#8230;<\/p>\n","protected":false},"author":16,"featured_media":24709,"comment_status":"closed","ping_status":"closed","sticky":false,"template":"","format":"standard","meta":{"footnotes":""},"categories":[769,767],"tags":[],"yoast_head":"<!-- This site is optimized with the Yoast SEO plugin v22.0 - https:\/\/yoast.com\/wordpress\/plugins\/seo\/ -->\n<title>Carlo Verdone, tra Medicina e Comunicazione - Hunimed<\/title>\n<meta name=\"description\" content=\"L\u2019attore dialoga con Gianni Canova, rettore Universit\u00e0 IULM, e Marco Montorsi, rettore Humanitas University, sulla comunicazione della salute e della\" \/>\n<meta name=\"robots\" content=\"noindex, follow, max-snippet:-1, max-image-preview:large, max-video-preview:-1\" \/>\n<meta property=\"og:locale\" content=\"it_IT\" \/>\n<meta property=\"og:type\" content=\"article\" \/>\n<meta property=\"og:title\" content=\"Carlo Verdone, tra Medicina e Comunicazione - Hunimed\" \/>\n<meta property=\"og:description\" content=\"L\u2019attore dialoga con Gianni Canova, rettore Universit\u00e0 IULM, e Marco Montorsi, rettore Humanitas University, sulla comunicazione della salute e della\" \/>\n<meta property=\"og:url\" content=\"https:\/\/www.hunimed.eu\/it\/news\/carlo-verdone-tra-medicina-e-comunicazione\/\" \/>\n<meta property=\"og:site_name\" content=\"Hunimed\" \/>\n<meta property=\"article:publisher\" content=\"https:\/\/www.facebook.com\/Hunimed\/\" \/>\n<meta property=\"article:published_time\" content=\"2023-05-03T08:00:19+00:00\" \/>\n<meta property=\"article:modified_time\" content=\"2023-05-03T10:49:31+00:00\" \/>\n<meta property=\"og:image\" content=\"https:\/\/www.hunimed.eu\/wp-content\/uploads\/2023\/05\/Infodemia-1.png\" \/>\n\t<meta property=\"og:image:width\" content=\"600\" \/>\n\t<meta property=\"og:image:height\" content=\"320\" \/>\n\t<meta property=\"og:image:type\" content=\"image\/png\" \/>\n<meta name=\"author\" content=\"cfrattini\" \/>\n<meta name=\"twitter:card\" content=\"summary_large_image\" \/>\n<meta name=\"twitter:label1\" content=\"Scritto da\" \/>\n\t<meta name=\"twitter:data1\" content=\"cfrattini\" \/>\n\t<meta name=\"twitter:label2\" content=\"Tempo di lettura stimato\" \/>\n\t<meta name=\"twitter:data2\" content=\"2 minuti\" \/>\n<script type=\"application\/ld+json\" class=\"yoast-schema-graph\">{\"@context\":\"https:\/\/schema.org\",\"@graph\":[{\"@type\":\"Article\",\"@id\":\"https:\/\/www.hunimed.eu\/it\/news\/carlo-verdone-tra-medicina-e-comunicazione\/#article\",\"isPartOf\":{\"@id\":\"https:\/\/www.hunimed.eu\/it\/news\/carlo-verdone-tra-medicina-e-comunicazione\/\"},\"author\":{\"name\":\"cfrattini\",\"@id\":\"https:\/\/hunimed.humweb.webiz.team\/#\/schema\/person\/9b29df2e5bdde01515b8bb66b863fe49\"},\"headline\":\"Carlo Verdone, tra Medicina e Comunicazione\",\"datePublished\":\"2023-05-03T08:00:19+00:00\",\"dateModified\":\"2023-05-03T10:49:31+00:00\",\"mainEntityOfPage\":{\"@id\":\"https:\/\/www.hunimed.eu\/it\/news\/carlo-verdone-tra-medicina-e-comunicazione\/\"},\"wordCount\":472,\"publisher\":{\"@id\":\"https:\/\/hunimed.humweb.webiz.team\/#organization\"},\"articleSection\":[\"Eventi\",\"Scienze Mediche\"],\"inLanguage\":\"it-IT\"},{\"@type\":\"WebPage\",\"@id\":\"https:\/\/www.hunimed.eu\/it\/news\/carlo-verdone-tra-medicina-e-comunicazione\/\",\"url\":\"https:\/\/www.hunimed.eu\/it\/news\/carlo-verdone-tra-medicina-e-comunicazione\/\",\"name\":\"Carlo Verdone, tra Medicina e Comunicazione - Hunimed\",\"isPartOf\":{\"@id\":\"https:\/\/hunimed.humweb.webiz.team\/#website\"},\"datePublished\":\"2023-05-03T08:00:19+00:00\",\"dateModified\":\"2023-05-03T10:49:31+00:00\",\"description\":\"L\u2019attore dialoga con Gianni Canova, rettore Universit\u00e0 IULM, e Marco Montorsi, rettore Humanitas University, sulla comunicazione della salute e della\",\"breadcrumb\":{\"@id\":\"https:\/\/www.hunimed.eu\/it\/news\/carlo-verdone-tra-medicina-e-comunicazione\/#breadcrumb\"},\"inLanguage\":\"it-IT\",\"potentialAction\":[{\"@type\":\"ReadAction\",\"target\":[\"https:\/\/www.hunimed.eu\/it\/news\/carlo-verdone-tra-medicina-e-comunicazione\/\"]}]},{\"@type\":\"BreadcrumbList\",\"@id\":\"https:\/\/www.hunimed.eu\/it\/news\/carlo-verdone-tra-medicina-e-comunicazione\/#breadcrumb\",\"itemListElement\":[{\"@type\":\"ListItem\",\"position\":1,\"name\":\"Home\",\"item\":\"https:\/\/www.hunimed.eu\/it\/\"},{\"@type\":\"ListItem\",\"position\":2,\"name\":\"Carlo Verdone, tra Medicina e Comunicazione\"}]},{\"@type\":\"WebSite\",\"@id\":\"https:\/\/hunimed.humweb.webiz.team\/#website\",\"url\":\"https:\/\/hunimed.humweb.webiz.team\/\",\"name\":\"Hunimed\",\"description\":\"Humanitas University\",\"publisher\":{\"@id\":\"https:\/\/hunimed.humweb.webiz.team\/#organization\"},\"potentialAction\":[{\"@type\":\"SearchAction\",\"target\":{\"@type\":\"EntryPoint\",\"urlTemplate\":\"https:\/\/hunimed.humweb.webiz.team\/?s={search_term_string}\"},\"query-input\":\"required name=search_term_string\"}],\"inLanguage\":\"it-IT\"},{\"@type\":\"Organization\",\"@id\":\"https:\/\/hunimed.humweb.webiz.team\/#organization\",\"name\":\"Humanitas University\",\"url\":\"https:\/\/hunimed.humweb.webiz.team\/\",\"logo\":{\"@type\":\"ImageObject\",\"inLanguage\":\"it-IT\",\"@id\":\"https:\/\/hunimed.humweb.webiz.team\/#\/schema\/logo\/image\/\",\"url\":\"https:\/\/hunimed.humweb.webiz.team\/wp-content\/uploads\/2019\/07\/logo.svg\",\"contentUrl\":\"https:\/\/hunimed.humweb.webiz.team\/wp-content\/uploads\/2019\/07\/logo.svg\",\"caption\":\"Humanitas University\"},\"image\":{\"@id\":\"https:\/\/hunimed.humweb.webiz.team\/#\/schema\/logo\/image\/\"},\"sameAs\":[\"https:\/\/www.facebook.com\/Hunimed\/\",\"https:\/\/www.linkedin.com\/school\/18280267\/admin\/\"]},{\"@type\":\"Person\",\"@id\":\"https:\/\/hunimed.humweb.webiz.team\/#\/schema\/person\/9b29df2e5bdde01515b8bb66b863fe49\",\"name\":\"cfrattini\",\"image\":{\"@type\":\"ImageObject\",\"inLanguage\":\"it-IT\",\"@id\":\"https:\/\/hunimed.humweb.webiz.team\/#\/schema\/person\/image\/\",\"url\":\"https:\/\/secure.gravatar.com\/avatar\/515ddecb77fdf68ab9268b690bd4f1ea?s=96&d=mm&r=g\",\"contentUrl\":\"https:\/\/secure.gravatar.com\/avatar\/515ddecb77fdf68ab9268b690bd4f1ea?s=96&d=mm&r=g\",\"caption\":\"cfrattini\"},\"url\":\"https:\/\/hunimed.humweb.webiz.team\/it\/news\/author\/cfrattini\/\"}]}<\/script>\n<!-- \/ Yoast SEO plugin. -->","yoast_head_json":{"title":"Carlo Verdone, tra Medicina e Comunicazione - Hunimed","description":"L\u2019attore dialoga con Gianni Canova, rettore Universit\u00e0 IULM, e Marco Montorsi, rettore Humanitas University, sulla comunicazione della salute e della","robots":{"index":"noindex","follow":"follow","max-snippet":"max-snippet:-1","max-image-preview":"max-image-preview:large","max-video-preview":"max-video-preview:-1"},"og_locale":"it_IT","og_type":"article","og_title":"Carlo Verdone, tra Medicina e Comunicazione - Hunimed","og_description":"L\u2019attore dialoga con Gianni Canova, rettore Universit\u00e0 IULM, e Marco Montorsi, rettore Humanitas University, sulla comunicazione della salute e della","og_url":"https:\/\/www.hunimed.eu\/it\/news\/carlo-verdone-tra-medicina-e-comunicazione\/","og_site_name":"Hunimed","article_publisher":"https:\/\/www.facebook.com\/Hunimed\/","article_published_time":"2023-05-03T08:00:19+00:00","article_modified_time":"2023-05-03T10:49:31+00:00","og_image":[{"width":600,"height":320,"url":"https:\/\/www.hunimed.eu\/wp-content\/uploads\/2023\/05\/Infodemia-1.png","type":"image\/png"}],"author":"cfrattini","twitter_card":"summary_large_image","twitter_misc":{"Scritto da":"cfrattini","Tempo di lettura stimato":"2 minuti"},"schema":{"@context":"https:\/\/schema.org","@graph":[{"@type":"Article","@id":"https:\/\/www.hunimed.eu\/it\/news\/carlo-verdone-tra-medicina-e-comunicazione\/#article","isPartOf":{"@id":"https:\/\/www.hunimed.eu\/it\/news\/carlo-verdone-tra-medicina-e-comunicazione\/"},"author":{"name":"cfrattini","@id":"https:\/\/hunimed.humweb.webiz.team\/#\/schema\/person\/9b29df2e5bdde01515b8bb66b863fe49"},"headline":"Carlo Verdone, tra Medicina e Comunicazione","datePublished":"2023-05-03T08:00:19+00:00","dateModified":"2023-05-03T10:49:31+00:00","mainEntityOfPage":{"@id":"https:\/\/www.hunimed.eu\/it\/news\/carlo-verdone-tra-medicina-e-comunicazione\/"},"wordCount":472,"publisher":{"@id":"https:\/\/hunimed.humweb.webiz.team\/#organization"},"articleSection":["Eventi","Scienze Mediche"],"inLanguage":"it-IT"},{"@type":"WebPage","@id":"https:\/\/www.hunimed.eu\/it\/news\/carlo-verdone-tra-medicina-e-comunicazione\/","url":"https:\/\/www.hunimed.eu\/it\/news\/carlo-verdone-tra-medicina-e-comunicazione\/","name":"Carlo Verdone, tra Medicina e Comunicazione - Hunimed","isPartOf":{"@id":"https:\/\/hunimed.humweb.webiz.team\/#website"},"datePublished":"2023-05-03T08:00:19+00:00","dateModified":"2023-05-03T10:49:31+00:00","description":"L\u2019attore dialoga con Gianni Canova, rettore Universit\u00e0 IULM, e Marco Montorsi, rettore Humanitas University, sulla comunicazione della salute e della","breadcrumb":{"@id":"https:\/\/www.hunimed.eu\/it\/news\/carlo-verdone-tra-medicina-e-comunicazione\/#breadcrumb"},"inLanguage":"it-IT","potentialAction":[{"@type":"ReadAction","target":["https:\/\/www.hunimed.eu\/it\/news\/carlo-verdone-tra-medicina-e-comunicazione\/"]}]},{"@type":"BreadcrumbList","@id":"https:\/\/www.hunimed.eu\/it\/news\/carlo-verdone-tra-medicina-e-comunicazione\/#breadcrumb","itemListElement":[{"@type":"ListItem","position":1,"name":"Home","item":"https:\/\/www.hunimed.eu\/it\/"},{"@type":"ListItem","position":2,"name":"Carlo Verdone, tra Medicina e Comunicazione"}]},{"@type":"WebSite","@id":"https:\/\/hunimed.humweb.webiz.team\/#website","url":"https:\/\/hunimed.humweb.webiz.team\/","name":"Hunimed","description":"Humanitas University","publisher":{"@id":"https:\/\/hunimed.humweb.webiz.team\/#organization"},"potentialAction":[{"@type":"SearchAction","target":{"@type":"EntryPoint","urlTemplate":"https:\/\/hunimed.humweb.webiz.team\/?s={search_term_string}"},"query-input":"required name=search_term_string"}],"inLanguage":"it-IT"},{"@type":"Organization","@id":"https:\/\/hunimed.humweb.webiz.team\/#organization","name":"Humanitas University","url":"https:\/\/hunimed.humweb.webiz.team\/","logo":{"@type":"ImageObject","inLanguage":"it-IT","@id":"https:\/\/hunimed.humweb.webiz.team\/#\/schema\/logo\/image\/","url":"https:\/\/hunimed.humweb.webiz.team\/wp-content\/uploads\/2019\/07\/logo.svg","contentUrl":"https:\/\/hunimed.humweb.webiz.team\/wp-content\/uploads\/2019\/07\/logo.svg","caption":"Humanitas University"},"image":{"@id":"https:\/\/hunimed.humweb.webiz.team\/#\/schema\/logo\/image\/"},"sameAs":["https:\/\/www.facebook.com\/Hunimed\/","https:\/\/www.linkedin.com\/school\/18280267\/admin\/"]},{"@type":"Person","@id":"https:\/\/hunimed.humweb.webiz.team\/#\/schema\/person\/9b29df2e5bdde01515b8bb66b863fe49","name":"cfrattini","image":{"@type":"ImageObject","inLanguage":"it-IT","@id":"https:\/\/hunimed.humweb.webiz.team\/#\/schema\/person\/image\/","url":"https:\/\/secure.gravatar.com\/avatar\/515ddecb77fdf68ab9268b690bd4f1ea?s=96&d=mm&r=g","contentUrl":"https:\/\/secure.gravatar.com\/avatar\/515ddecb77fdf68ab9268b690bd4f1ea?s=96&d=mm&r=g","caption":"cfrattini"},"url":"https:\/\/hunimed.humweb.webiz.team\/it\/news\/author\/cfrattini\/"}]}},"acf":[],"_links":{"self":[{"href":"https:\/\/hunimed.humweb.webiz.team\/it\/wp-json\/wp\/v2\/posts\/24670"}],"collection":[{"href":"https:\/\/hunimed.humweb.webiz.team\/it\/wp-json\/wp\/v2\/posts"}],"about":[{"href":"https:\/\/hunimed.humweb.webiz.team\/it\/wp-json\/wp\/v2\/types\/post"}],"author":[{"embeddable":true,"href":"https:\/\/hunimed.humweb.webiz.team\/it\/wp-json\/wp\/v2\/users\/16"}],"replies":[{"embeddable":true,"href":"https:\/\/hunimed.humweb.webiz.team\/it\/wp-json\/wp\/v2\/comments?post=24670"}],"version-history":[{"count":3,"href":"https:\/\/hunimed.humweb.webiz.team\/it\/wp-json\/wp\/v2\/posts\/24670\/revisions"}],"predecessor-version":[{"id":24711,"href":"https:\/\/hunimed.humweb.webiz.team\/it\/wp-json\/wp\/v2\/posts\/24670\/revisions\/24711"}],"wp:featuredmedia":[{"embeddable":true,"href":"https:\/\/hunimed.humweb.webiz.team\/it\/wp-json\/wp\/v2\/media\/24709"}],"wp:attachment":[{"href":"https:\/\/hunimed.humweb.webiz.team\/it\/wp-json\/wp\/v2\/media?parent=24670"}],"wp:term":[{"taxonomy":"category","embeddable":true,"href":"https:\/\/hunimed.humweb.webiz.team\/it\/wp-json\/wp\/v2\/categories?post=24670"},{"taxonomy":"post_tag","embeddable":true,"href":"https:\/\/hunimed.humweb.webiz.team\/it\/wp-json\/wp\/v2\/tags?post=24670"}],"curies":[{"name":"wp","href":"https:\/\/api.w.org\/{rel}","templated":true}]}}