{"id":16236,"date":"2021-06-01T14:19:28","date_gmt":"2021-06-01T14:19:28","guid":{"rendered":"https:\/\/www.hunimed.eu\/?p=16236"},"modified":"2021-06-01T14:19:28","modified_gmt":"2021-06-01T14:19:28","slug":"si-e-conclusa-la-seconda-fase-dello-studio-di-ricerca-humanitas-per-valutare-limpatto-della-pandemia-sulla-salute-e-il-benessere-mentale","status":"publish","type":"post","link":"https:\/\/hunimed.humweb.webiz.team\/it\/news\/si-e-conclusa-la-seconda-fase-dello-studio-di-ricerca-humanitas-per-valutare-limpatto-della-pandemia-sulla-salute-e-il-benessere-mentale\/","title":{"rendered":"Si \u00e8 conclusa la seconda fase dello studio di ricerca Humanitas per valutare\u00a0l\u2019impatto della pandemia sulla salute e il benessere mentale"},"content":{"rendered":"<p>Terminata anche la seconda fase dello studio per valutare\u00a0<b>l\u2019impatto della pandemia da COVID-19 sulla salute e il benessere mentale della popolazione italiana e mondiale<\/b>, il gruppo di ricerca ha potuto analizzare i dati finora raccolti.<\/p>\n<p>Condotta dal Dipartimento di Scienze Biomediche di Humanitas University, insieme al <a href=\"https:\/\/www.humanitas-sanpiox.it\/unita-operative\/centro-per-i-disturbi-dansia-e-di-panico\/\">Centro di Medicina Personalizzata sui Disturbi d\u2019Ansia e di Panico di Humanitas San Pio X<\/a>, l\u2019indagine \u00e8 stata guidata dal <strong><a href=\"https:\/\/hunimed.humweb.webiz.team\/it\/member\/giampaolo-perna\/\">Prof. Giampaolo Perna<\/a> <\/strong>e coordinata dalla <strong><a href=\"https:\/\/hunimed.humweb.webiz.team\/it\/member\/daniela-caldirola\/\">Dott.ssa Daniela Caldirola<\/a><\/strong>, al fine di poter evidenziare i bisogni e le necessit\u00e0 a cui rispondere. L\u2019indagine si avvale di un questionario online, approvato dal Comitato Etico di riferimento, con l\u2019obiettivo di raggiungere il maggior numero di persone (non personale sanitario) che in forma anonima e volontaria\u00a0desiderino collaborare allo studio attraverso la compilazione del questionario.<\/p>\n<hr \/>\n<p>\u00abL\u2019elaborazione dei nuovi dati, in combinazione a quelli precedenti, \u00e8 stata orientata a valutare <b>l\u2019insorgenza di sintomi psichiatrici clinicamente significativi<\/b>\u00a0e\u00a0<b>l\u2019individuazione dei fattori che possono avere contribuito a tale insorgenza<\/b>, in tutti coloro che avevano riportato di non aver mai avuto una diagnosi di disturbo psichiatrico nel corso della vita \u2013 spiega il Professor Perna. Abbiamo inoltre valutato in che misura la pandemia abbia <b>modificato lo stile di vita<\/b>\u00a0e\u00a0<b>la qualit\u00e0 delle relazioni personali\u00a0<\/b>sull\u2019intero campione raccolto. Le persone che finora hanno partecipato allo studio sono 3532 (2379 nella prima fase e 1153 nella seconda), di cui il 57.6% ha completato l\u2019intero questionario. Le nostre analisi hanno mostrato che, tra coloro che avevano dichiarato di non mai avere avuto nella vita una diagnosi di disturbo psichiatrico, l\u20198% dei partecipanti nella prima fase e un ulteriore 8% dei partecipanti nella seconda fase, ha riportato una\u00a0<b>sintomatologia depressiva<\/b>\u00a0clinicamente significativa insorta durante la pandemia.\u00a0<b>Sintomi ansiosi<\/b>\u00a0che potrebbero essere indicativi dell\u2019insorgenza di un disturbo d\u2019ansia sono stati trovati in circa l\u201911% dei partecipanti sia nella prima sia nella seconda fase. Sintomi suggestivi di un possibile disturbo di\u00a0<b>panico<\/b>\u00a0sono emersi nell\u2019 1.2% e 3% dei partecipanti nella prima e seconda fase, rispettivamente. Sintomi clinicamente significativi di\u00a0<b>disturbo post-traumatico da stress\u00a0<\/b>sono emersi\u00a0nel 2% dei partecipanti nella prima fase e nel 3.4% nella seconda. Infine, il 6.2% dei partecipanti nella prima fase e il 3.8% nella seconda ha riportato sintomi significativi di tipo\u00a0<b>ossessivo-compulsivo\u00a0<\/b>disturbanti e interferenti con la qualit\u00e0 di vita. Questi dati suggeriscono che, globalmente, un numero considerevole di italiani ha sviluppato sintomi psichiatrici di interesse clinico durante la pandemia\u00bb.<\/p>\n<h2>I disturbi psichiatrici sono aumentati, anche in chi non aveva mai avuto problemi prima<\/h2>\n<p>\u00abPer valutare\u00a0quali fattori abbiano influito\u00a0nell\u2019insorgenza di tale sintomatologia abbiamo impiegato una\u00a0<b>tecnica complessa di analisi basata sull\u2019apprendimento automatico<\/b>\u00a0<b>(machine learning)\u00a0<\/b>\u2013 continua il professore. I fattori che sembrano aver contribuito maggiormente allo sviluppo di una sintomatologia psichiatrica clinicamente significativa, in soggetti senza una storia precedente di disturbi psichiatrici, sono le caratteristiche personali di <b>bassa resilienza verso lo stress<\/b>, essere\u00a0<b>studenti universitari<\/b>, avere un\u2019intensa\u00a0<b>paura di trasmettere il COVID-19<\/b>\u00a0ad altre persone, aver provato un intenso\u00a0<b>stress per le restrizioni<\/b>\u00a0imposte a tutti i cittadini per il contenimento della pandemia, aver\u00a0<b>cessato di praticare attivit\u00e0 fisica<\/b>\u00a0a causa della pandemia, e\u00a0<b>vivere da soli<\/b>.<\/p>\n<p>Lo studio ha inoltre evidenziato che, nel corso dei primi otto mesi della pandemia, molti Italiani hanno riportato un <strong>peggioramento dello stile di vita e delle relazioni interpersonali e familiari<\/strong>. In particolare, circa il 20% ha riportato insonnia significativa, il 17% ha aumentato il consumo di nicotina e l\u201911% quello dell\u2019alcool, il 46% ha diminuito l\u2019attivit\u00e0 fisica e il 10% l\u2019ha smessa del tutto, il 68% ha diminuito la soddisfazione sessuale, il 70% ha peggiorato la relazione con il partner e ha avuto pi\u00f9 difficolt\u00e0 nella gestione dei figli. Infine, circa il 20% ha iniziato ad utilizzare ansiolitici e il 16% ha iniziato l\u2019uso di antidepressivi\u00bb.<\/p>\n<h2>La ricerca non si ferma<\/h2>\n<p>Dati i nostri risultati emerge quanto sia utile continuare il monitoraggio delle conseguenze a medio e lungo termine della pandemia COVID-19 sulla salute mentale e il benessere generale. Ci\u00f2 pu\u00f2 dare inoltre un contributo utile per identificare possibili fattori di rischio.<\/p>\n<p>I dati emersi suggeriscono che\u00a0<b>attivit\u00e0 di prevenzione, sostegno e cura del benessere mentale siano di grande importanza<\/b>\u00a0per aiutare quella consistente parte di italiani che ha particolarmente risentito della pandemia dal punto di vista emotivo.<\/p>\n<p>A tutela del benessere mentale attuale e futuro della popolazione,\u00a0<b>\u00e8 importante monitorare l\u2019andamento nel tempo dei livelli di stress e malessere emotivo<\/b>, anche a distanza dal picco pi\u00f9 acuto dell\u2019emergenza sanitaria. Per questo motivo, il questionario anonimo e volontario\u00a0viene\u00a0riproposto ora e nei prossimi mesi. \u00c8 davvero importante che chi lo ha gi\u00e0 compilato in precedenza lo compili nuovamente, cos\u00ec come \u00e8 importante che lo compili anche chi non lo aveva fatto prima. Al termine della compilazione del questionario, come omaggio di ringraziamento, sar\u00e0\u00a0<b>possibile scaricare gratuitamente una nuova audioguida per imparare a concentrarsi e diventare consapevoli del \u201cqui ed ora\u201d\u00a0<\/b>in modo da poter ridurre l\u2019effetto delle preoccupazioni legate al momento di stress che stiamo vivendo. Per maggiori informazioni contattare l\u2019indirizzo email <a href=\"mailto:centroansiapanico@hunimed.eu\">centroansiapanico@hunimed.eu<\/a><\/p>\n<p><em>*Per partecipare all\u2019indagine e rispondere al questionario<b> <\/b>\u00e8 necessario\u00a0avere almeno 18 anni di et\u00e0\u00a0e\u00a0non essere operatori sanitari\u00a0direttamente coinvolti nell\u2019emergenza pandemica.<\/em><\/p>\n<p><b><a class=\"button secondary\" href=\"https:\/\/it.surveymonkey.com\/r\/salutementaleCovid19\">Partecipa al questionario<\/a><\/b><\/p>\n","protected":false},"excerpt":{"rendered":"<p>Terminata anche la seconda fase dello studio per valutare\u00a0l\u2019impatto della pandemia da COVID-19 sulla salute e il benessere&#8230;<\/p>\n","protected":false},"author":16,"featured_media":16243,"comment_status":"closed","ping_status":"closed","sticky":false,"template":"","format":"standard","meta":{"footnotes":""},"categories":[763,767],"tags":[],"yoast_head":"<!-- This site is optimized with the Yoast SEO plugin v22.0 - https:\/\/yoast.com\/wordpress\/plugins\/seo\/ -->\n<title>Si \u00e8 conclusa la seconda fase dello studio di ricerca Humanitas per valutare\u00a0l\u2019impatto della pandemia sulla salute e il benessere mentale - Hunimed<\/title>\n<meta name=\"description\" content=\"Terminata anche la seconda fase dello studio per valutare\u00a0l\u2019impatto della pandemia da COVID-19 sulla salute e il benessere mentale della popolazione\" \/>\n<meta name=\"robots\" content=\"noindex, follow, max-snippet:-1, max-image-preview:large, max-video-preview:-1\" \/>\n<meta property=\"og:locale\" content=\"it_IT\" \/>\n<meta property=\"og:type\" content=\"article\" \/>\n<meta property=\"og:title\" content=\"Si \u00e8 conclusa la seconda fase dello studio di ricerca Humanitas per valutare\u00a0l\u2019impatto della pandemia sulla salute e il benessere mentale - Hunimed\" \/>\n<meta property=\"og:description\" content=\"Terminata anche la seconda fase dello studio per valutare\u00a0l\u2019impatto della pandemia da COVID-19 sulla salute e il benessere mentale della popolazione\" \/>\n<meta property=\"og:url\" content=\"https:\/\/www.hunimed.eu\/it\/news\/si-e-conclusa-la-seconda-fase-dello-studio-di-ricerca-humanitas-per-valutare-limpatto-della-pandemia-sulla-salute-e-il-benessere-mentale\/\" \/>\n<meta property=\"og:site_name\" content=\"Hunimed\" \/>\n<meta property=\"article:publisher\" content=\"https:\/\/www.facebook.com\/Hunimed\/\" \/>\n<meta property=\"article:published_time\" content=\"2021-06-01T14:19:28+00:00\" \/>\n<meta property=\"og:image\" content=\"https:\/\/www.hunimed.eu\/wp-content\/uploads\/2021\/06\/Perna-Survey.png\" \/>\n\t<meta property=\"og:image:width\" content=\"600\" \/>\n\t<meta property=\"og:image:height\" content=\"320\" \/>\n\t<meta property=\"og:image:type\" content=\"image\/png\" \/>\n<meta name=\"author\" content=\"cfrattini\" \/>\n<meta name=\"twitter:card\" content=\"summary_large_image\" \/>\n<meta name=\"twitter:label1\" content=\"Scritto da\" \/>\n\t<meta name=\"twitter:data1\" content=\"cfrattini\" \/>\n\t<meta name=\"twitter:label2\" content=\"Tempo di lettura stimato\" \/>\n\t<meta name=\"twitter:data2\" content=\"4 minuti\" \/>\n<script type=\"application\/ld+json\" class=\"yoast-schema-graph\">{\"@context\":\"https:\/\/schema.org\",\"@graph\":[{\"@type\":\"Article\",\"@id\":\"https:\/\/www.hunimed.eu\/it\/news\/si-e-conclusa-la-seconda-fase-dello-studio-di-ricerca-humanitas-per-valutare-limpatto-della-pandemia-sulla-salute-e-il-benessere-mentale\/#article\",\"isPartOf\":{\"@id\":\"https:\/\/www.hunimed.eu\/it\/news\/si-e-conclusa-la-seconda-fase-dello-studio-di-ricerca-humanitas-per-valutare-limpatto-della-pandemia-sulla-salute-e-il-benessere-mentale\/\"},\"author\":{\"name\":\"cfrattini\",\"@id\":\"https:\/\/hunimed.humweb.webiz.team\/#\/schema\/person\/9b29df2e5bdde01515b8bb66b863fe49\"},\"headline\":\"Si \u00e8 conclusa la seconda fase dello studio di ricerca Humanitas per valutare\u00a0l\u2019impatto della pandemia sulla salute e il benessere mentale\",\"datePublished\":\"2021-06-01T14:19:28+00:00\",\"dateModified\":\"2021-06-01T14:19:28+00:00\",\"mainEntityOfPage\":{\"@id\":\"https:\/\/www.hunimed.eu\/it\/news\/si-e-conclusa-la-seconda-fase-dello-studio-di-ricerca-humanitas-per-valutare-limpatto-della-pandemia-sulla-salute-e-il-benessere-mentale\/\"},\"wordCount\":883,\"publisher\":{\"@id\":\"https:\/\/hunimed.humweb.webiz.team\/#organization\"},\"articleSection\":[\"Mondo Humanitas\",\"Scienze Mediche\"],\"inLanguage\":\"it-IT\"},{\"@type\":\"WebPage\",\"@id\":\"https:\/\/www.hunimed.eu\/it\/news\/si-e-conclusa-la-seconda-fase-dello-studio-di-ricerca-humanitas-per-valutare-limpatto-della-pandemia-sulla-salute-e-il-benessere-mentale\/\",\"url\":\"https:\/\/www.hunimed.eu\/it\/news\/si-e-conclusa-la-seconda-fase-dello-studio-di-ricerca-humanitas-per-valutare-limpatto-della-pandemia-sulla-salute-e-il-benessere-mentale\/\",\"name\":\"Si \u00e8 conclusa la seconda fase dello studio di ricerca Humanitas per valutare\u00a0l\u2019impatto della pandemia sulla salute e il benessere mentale - Hunimed\",\"isPartOf\":{\"@id\":\"https:\/\/hunimed.humweb.webiz.team\/#website\"},\"datePublished\":\"2021-06-01T14:19:28+00:00\",\"dateModified\":\"2021-06-01T14:19:28+00:00\",\"description\":\"Terminata anche la seconda fase dello studio per valutare\u00a0l\u2019impatto della pandemia da COVID-19 sulla salute e il benessere mentale della popolazione\",\"breadcrumb\":{\"@id\":\"https:\/\/www.hunimed.eu\/it\/news\/si-e-conclusa-la-seconda-fase-dello-studio-di-ricerca-humanitas-per-valutare-limpatto-della-pandemia-sulla-salute-e-il-benessere-mentale\/#breadcrumb\"},\"inLanguage\":\"it-IT\",\"potentialAction\":[{\"@type\":\"ReadAction\",\"target\":[\"https:\/\/www.hunimed.eu\/it\/news\/si-e-conclusa-la-seconda-fase-dello-studio-di-ricerca-humanitas-per-valutare-limpatto-della-pandemia-sulla-salute-e-il-benessere-mentale\/\"]}]},{\"@type\":\"BreadcrumbList\",\"@id\":\"https:\/\/www.hunimed.eu\/it\/news\/si-e-conclusa-la-seconda-fase-dello-studio-di-ricerca-humanitas-per-valutare-limpatto-della-pandemia-sulla-salute-e-il-benessere-mentale\/#breadcrumb\",\"itemListElement\":[{\"@type\":\"ListItem\",\"position\":1,\"name\":\"Home\",\"item\":\"https:\/\/www.hunimed.eu\/it\/\"},{\"@type\":\"ListItem\",\"position\":2,\"name\":\"Si \u00e8 conclusa la seconda fase dello studio di ricerca Humanitas per valutare\u00a0l\u2019impatto della pandemia sulla salute e il benessere mentale\"}]},{\"@type\":\"WebSite\",\"@id\":\"https:\/\/hunimed.humweb.webiz.team\/#website\",\"url\":\"https:\/\/hunimed.humweb.webiz.team\/\",\"name\":\"Hunimed\",\"description\":\"Humanitas University\",\"publisher\":{\"@id\":\"https:\/\/hunimed.humweb.webiz.team\/#organization\"},\"potentialAction\":[{\"@type\":\"SearchAction\",\"target\":{\"@type\":\"EntryPoint\",\"urlTemplate\":\"https:\/\/hunimed.humweb.webiz.team\/?s={search_term_string}\"},\"query-input\":\"required name=search_term_string\"}],\"inLanguage\":\"it-IT\"},{\"@type\":\"Organization\",\"@id\":\"https:\/\/hunimed.humweb.webiz.team\/#organization\",\"name\":\"Humanitas University\",\"url\":\"https:\/\/hunimed.humweb.webiz.team\/\",\"logo\":{\"@type\":\"ImageObject\",\"inLanguage\":\"it-IT\",\"@id\":\"https:\/\/hunimed.humweb.webiz.team\/#\/schema\/logo\/image\/\",\"url\":\"https:\/\/hunimed.humweb.webiz.team\/wp-content\/uploads\/2019\/07\/logo.svg\",\"contentUrl\":\"https:\/\/hunimed.humweb.webiz.team\/wp-content\/uploads\/2019\/07\/logo.svg\",\"caption\":\"Humanitas University\"},\"image\":{\"@id\":\"https:\/\/hunimed.humweb.webiz.team\/#\/schema\/logo\/image\/\"},\"sameAs\":[\"https:\/\/www.facebook.com\/Hunimed\/\",\"https:\/\/www.linkedin.com\/school\/18280267\/admin\/\"]},{\"@type\":\"Person\",\"@id\":\"https:\/\/hunimed.humweb.webiz.team\/#\/schema\/person\/9b29df2e5bdde01515b8bb66b863fe49\",\"name\":\"cfrattini\",\"image\":{\"@type\":\"ImageObject\",\"inLanguage\":\"it-IT\",\"@id\":\"https:\/\/hunimed.humweb.webiz.team\/#\/schema\/person\/image\/\",\"url\":\"https:\/\/secure.gravatar.com\/avatar\/515ddecb77fdf68ab9268b690bd4f1ea?s=96&d=mm&r=g\",\"contentUrl\":\"https:\/\/secure.gravatar.com\/avatar\/515ddecb77fdf68ab9268b690bd4f1ea?s=96&d=mm&r=g\",\"caption\":\"cfrattini\"},\"url\":\"https:\/\/hunimed.humweb.webiz.team\/it\/news\/author\/cfrattini\/\"}]}<\/script>\n<!-- \/ Yoast SEO plugin. -->","yoast_head_json":{"title":"Si \u00e8 conclusa la seconda fase dello studio di ricerca Humanitas per valutare\u00a0l\u2019impatto della pandemia sulla salute e il benessere mentale - Hunimed","description":"Terminata anche la seconda fase dello studio per valutare\u00a0l\u2019impatto della pandemia da COVID-19 sulla salute e il benessere mentale della popolazione","robots":{"index":"noindex","follow":"follow","max-snippet":"max-snippet:-1","max-image-preview":"max-image-preview:large","max-video-preview":"max-video-preview:-1"},"og_locale":"it_IT","og_type":"article","og_title":"Si \u00e8 conclusa la seconda fase dello studio di ricerca Humanitas per valutare\u00a0l\u2019impatto della pandemia sulla salute e il benessere mentale - Hunimed","og_description":"Terminata anche la seconda fase dello studio per valutare\u00a0l\u2019impatto della pandemia da COVID-19 sulla salute e il benessere mentale della popolazione","og_url":"https:\/\/www.hunimed.eu\/it\/news\/si-e-conclusa-la-seconda-fase-dello-studio-di-ricerca-humanitas-per-valutare-limpatto-della-pandemia-sulla-salute-e-il-benessere-mentale\/","og_site_name":"Hunimed","article_publisher":"https:\/\/www.facebook.com\/Hunimed\/","article_published_time":"2021-06-01T14:19:28+00:00","og_image":[{"width":600,"height":320,"url":"https:\/\/www.hunimed.eu\/wp-content\/uploads\/2021\/06\/Perna-Survey.png","type":"image\/png"}],"author":"cfrattini","twitter_card":"summary_large_image","twitter_misc":{"Scritto da":"cfrattini","Tempo di lettura stimato":"4 minuti"},"schema":{"@context":"https:\/\/schema.org","@graph":[{"@type":"Article","@id":"https:\/\/www.hunimed.eu\/it\/news\/si-e-conclusa-la-seconda-fase-dello-studio-di-ricerca-humanitas-per-valutare-limpatto-della-pandemia-sulla-salute-e-il-benessere-mentale\/#article","isPartOf":{"@id":"https:\/\/www.hunimed.eu\/it\/news\/si-e-conclusa-la-seconda-fase-dello-studio-di-ricerca-humanitas-per-valutare-limpatto-della-pandemia-sulla-salute-e-il-benessere-mentale\/"},"author":{"name":"cfrattini","@id":"https:\/\/hunimed.humweb.webiz.team\/#\/schema\/person\/9b29df2e5bdde01515b8bb66b863fe49"},"headline":"Si \u00e8 conclusa la seconda fase dello studio di ricerca Humanitas per valutare\u00a0l\u2019impatto della pandemia sulla salute e il benessere mentale","datePublished":"2021-06-01T14:19:28+00:00","dateModified":"2021-06-01T14:19:28+00:00","mainEntityOfPage":{"@id":"https:\/\/www.hunimed.eu\/it\/news\/si-e-conclusa-la-seconda-fase-dello-studio-di-ricerca-humanitas-per-valutare-limpatto-della-pandemia-sulla-salute-e-il-benessere-mentale\/"},"wordCount":883,"publisher":{"@id":"https:\/\/hunimed.humweb.webiz.team\/#organization"},"articleSection":["Mondo Humanitas","Scienze Mediche"],"inLanguage":"it-IT"},{"@type":"WebPage","@id":"https:\/\/www.hunimed.eu\/it\/news\/si-e-conclusa-la-seconda-fase-dello-studio-di-ricerca-humanitas-per-valutare-limpatto-della-pandemia-sulla-salute-e-il-benessere-mentale\/","url":"https:\/\/www.hunimed.eu\/it\/news\/si-e-conclusa-la-seconda-fase-dello-studio-di-ricerca-humanitas-per-valutare-limpatto-della-pandemia-sulla-salute-e-il-benessere-mentale\/","name":"Si \u00e8 conclusa la seconda fase dello studio di ricerca Humanitas per valutare\u00a0l\u2019impatto della pandemia sulla salute e il benessere mentale - Hunimed","isPartOf":{"@id":"https:\/\/hunimed.humweb.webiz.team\/#website"},"datePublished":"2021-06-01T14:19:28+00:00","dateModified":"2021-06-01T14:19:28+00:00","description":"Terminata anche la seconda fase dello studio per valutare\u00a0l\u2019impatto della pandemia da COVID-19 sulla salute e il benessere mentale della popolazione","breadcrumb":{"@id":"https:\/\/www.hunimed.eu\/it\/news\/si-e-conclusa-la-seconda-fase-dello-studio-di-ricerca-humanitas-per-valutare-limpatto-della-pandemia-sulla-salute-e-il-benessere-mentale\/#breadcrumb"},"inLanguage":"it-IT","potentialAction":[{"@type":"ReadAction","target":["https:\/\/www.hunimed.eu\/it\/news\/si-e-conclusa-la-seconda-fase-dello-studio-di-ricerca-humanitas-per-valutare-limpatto-della-pandemia-sulla-salute-e-il-benessere-mentale\/"]}]},{"@type":"BreadcrumbList","@id":"https:\/\/www.hunimed.eu\/it\/news\/si-e-conclusa-la-seconda-fase-dello-studio-di-ricerca-humanitas-per-valutare-limpatto-della-pandemia-sulla-salute-e-il-benessere-mentale\/#breadcrumb","itemListElement":[{"@type":"ListItem","position":1,"name":"Home","item":"https:\/\/www.hunimed.eu\/it\/"},{"@type":"ListItem","position":2,"name":"Si \u00e8 conclusa la seconda fase dello studio di ricerca Humanitas per valutare\u00a0l\u2019impatto della pandemia sulla salute e il benessere mentale"}]},{"@type":"WebSite","@id":"https:\/\/hunimed.humweb.webiz.team\/#website","url":"https:\/\/hunimed.humweb.webiz.team\/","name":"Hunimed","description":"Humanitas University","publisher":{"@id":"https:\/\/hunimed.humweb.webiz.team\/#organization"},"potentialAction":[{"@type":"SearchAction","target":{"@type":"EntryPoint","urlTemplate":"https:\/\/hunimed.humweb.webiz.team\/?s={search_term_string}"},"query-input":"required name=search_term_string"}],"inLanguage":"it-IT"},{"@type":"Organization","@id":"https:\/\/hunimed.humweb.webiz.team\/#organization","name":"Humanitas University","url":"https:\/\/hunimed.humweb.webiz.team\/","logo":{"@type":"ImageObject","inLanguage":"it-IT","@id":"https:\/\/hunimed.humweb.webiz.team\/#\/schema\/logo\/image\/","url":"https:\/\/hunimed.humweb.webiz.team\/wp-content\/uploads\/2019\/07\/logo.svg","contentUrl":"https:\/\/hunimed.humweb.webiz.team\/wp-content\/uploads\/2019\/07\/logo.svg","caption":"Humanitas University"},"image":{"@id":"https:\/\/hunimed.humweb.webiz.team\/#\/schema\/logo\/image\/"},"sameAs":["https:\/\/www.facebook.com\/Hunimed\/","https:\/\/www.linkedin.com\/school\/18280267\/admin\/"]},{"@type":"Person","@id":"https:\/\/hunimed.humweb.webiz.team\/#\/schema\/person\/9b29df2e5bdde01515b8bb66b863fe49","name":"cfrattini","image":{"@type":"ImageObject","inLanguage":"it-IT","@id":"https:\/\/hunimed.humweb.webiz.team\/#\/schema\/person\/image\/","url":"https:\/\/secure.gravatar.com\/avatar\/515ddecb77fdf68ab9268b690bd4f1ea?s=96&d=mm&r=g","contentUrl":"https:\/\/secure.gravatar.com\/avatar\/515ddecb77fdf68ab9268b690bd4f1ea?s=96&d=mm&r=g","caption":"cfrattini"},"url":"https:\/\/hunimed.humweb.webiz.team\/it\/news\/author\/cfrattini\/"}]}},"acf":[],"_links":{"self":[{"href":"https:\/\/hunimed.humweb.webiz.team\/it\/wp-json\/wp\/v2\/posts\/16236"}],"collection":[{"href":"https:\/\/hunimed.humweb.webiz.team\/it\/wp-json\/wp\/v2\/posts"}],"about":[{"href":"https:\/\/hunimed.humweb.webiz.team\/it\/wp-json\/wp\/v2\/types\/post"}],"author":[{"embeddable":true,"href":"https:\/\/hunimed.humweb.webiz.team\/it\/wp-json\/wp\/v2\/users\/16"}],"replies":[{"embeddable":true,"href":"https:\/\/hunimed.humweb.webiz.team\/it\/wp-json\/wp\/v2\/comments?post=16236"}],"version-history":[{"count":11,"href":"https:\/\/hunimed.humweb.webiz.team\/it\/wp-json\/wp\/v2\/posts\/16236\/revisions"}],"predecessor-version":[{"id":16249,"href":"https:\/\/hunimed.humweb.webiz.team\/it\/wp-json\/wp\/v2\/posts\/16236\/revisions\/16249"}],"wp:featuredmedia":[{"embeddable":true,"href":"https:\/\/hunimed.humweb.webiz.team\/it\/wp-json\/wp\/v2\/media\/16243"}],"wp:attachment":[{"href":"https:\/\/hunimed.humweb.webiz.team\/it\/wp-json\/wp\/v2\/media?parent=16236"}],"wp:term":[{"taxonomy":"category","embeddable":true,"href":"https:\/\/hunimed.humweb.webiz.team\/it\/wp-json\/wp\/v2\/categories?post=16236"},{"taxonomy":"post_tag","embeddable":true,"href":"https:\/\/hunimed.humweb.webiz.team\/it\/wp-json\/wp\/v2\/tags?post=16236"}],"curies":[{"name":"wp","href":"https:\/\/api.w.org\/{rel}","templated":true}]}}