{"id":15352,"date":"2021-04-01T10:57:58","date_gmt":"2021-04-01T10:57:58","guid":{"rendered":"https:\/\/www.hunimed.eu\/?p=15352"},"modified":"2021-04-01T10:57:58","modified_gmt":"2021-04-01T10:57:58","slug":"asma-e-rinosinusite-in-epoca-covid-i-nuovi-farmaci-biologici-cambiano-la-vita-dei-malati","status":"publish","type":"post","link":"https:\/\/hunimed.humweb.webiz.team\/it\/news\/asma-e-rinosinusite-in-epoca-covid-i-nuovi-farmaci-biologici-cambiano-la-vita-dei-malati\/","title":{"rendered":"Asma e rinosinusite in epoca Covid: i nuovi farmaci biologici cambiano la vita dei malati"},"content":{"rendered":"<p><em>Nell\u2019anno in cui l\u2019attenzione mondiale si \u00e8 concentrata sull\u2019infezione respiratoria da Covid-19, la vita di chi soffre di asma, rinosinusite e poliposi nasali \u00e8 cambiata. Farmaci biologici innovativi hanno ridotto il ricorso a terapie chirurgiche e cortisonici, migliorato l\u2019adesione dei pazienti alle cure e la gestione a casa della malattia. L\u2019analisi degli specialisti del Centro Medicina Personalizzata Asma e Allergologia di Humanitas.<\/em><\/p>\n<p>Buone notizie per 8 pazienti su 10 che presentano i sintomi respiratori da <strong>asma allergica<\/strong>, <strong>rinosinusite<\/strong> e <strong>poliposi nasale<\/strong>, spesso senza esserne del tutto consapevoli, che nel contesto di Covid-19 possono essere scambiati per infezione da Sars-CoV-2. Si parla di oltre 88 milioni di persone circa in tutta Europa, il 12% della popolazione, che lamenta quotidianamente ostruzione respiratoria nasale, cattiva percezione di gusto e olfatto, dolore facciale, sensazione di ovattamento, riduzione della concentrazione quotidiana e disturbi nell\u2019attivit\u00e0 scolastica e sportiva, sintomi esacerbati in periodo di allergie.<\/p>\n<p>\u00abTornare a respirare bene e da entrambe le narici, migliorare la qualit\u00e0 della vita e del sonno, gustare cibi e profumi dipende da una <strong>corretta diagnosi <\/strong>che fornisce soluzioni personalizzate per il problema specifico del paziente, dall\u2019uso di tecnologie come la <strong>telemedicina<\/strong> che ha dato continuit\u00e0 delle cure anche in periodo di pandemia, e dai nuovi <strong>farmaci biologici<\/strong> (target therapy) autosomministrabili che hanno personalizzato e semplificato la gestione della malattia, oltre a ridurre il ricorso alle terapie chirurgiche nei casi pi\u00f9 gravi di ostruzione respiratoria da deviazione del setto, ad esempio\u00bb, spiega il <strong>prof.<\/strong> <strong><a class=\"arrow\" href=\"https:\/\/hunimed.humweb.webiz.team\/it\/member\/giorgio-walter-canonica\/\">Giorgio Walter Canonica<\/a>\u00a0 \u00a0 Responsabile Centro Medicina Personalizzata Asma e Allergologia di Humanitas e docente Humanitas University.<\/strong><\/p>\n<p><strong><u>Pazienti pi\u00f9 consapevoli e informati<\/u><\/strong><\/p>\n<p>Se assunte secondo le modalit\u00e0 e i dosaggi prescritti, le terapie per l\u2019asma sono efficaci e contribuiscono a migliorare la gestione della malattia e la qualit\u00e0 di vita del paziente. <strong>Continuare a seguire le terapie \u00e8 fondamentale anche dopo Covid-19 <\/strong>perch\u00e9 in Italia i pollini sono presenti per la maggior parte dell\u2019anno, talvolta arrivando anche in anticipo come quest\u2019anno, e spesso le citt\u00e0 registrano elevati livelli di inquinamento dell\u2019aria. Se nell\u2019asma allergico \u00e8 ormai noto che la pollinosi pu\u00f2 aggravare i sintomi respiratori, durante il periodo di <strong>lockdown<\/strong> per la pandemia si \u00e8 notata una relazione diretta tra inquinamento dell\u2019aria e sintomi dell\u2019asma: infatti, con la riduzione dei livelli di inquinamento a seguito del lockdown, rilevati ad esempio nell\u2019India del Nord, si sono registrati miglioramenti dei sintomi negli asmatici.<\/p>\n<p><strong><u>Pazienti pi\u00f9 attenti alle terapie con la tecnologia <\/u><\/strong><\/p>\n<p>Assumere i farmaci in modo inappropriato o interrompere l\u2019assunzione ai primi segnali di miglioramento sono comportamenti che possono portare al peggioramento dei sintomi nei pazienti asmatici. \u201cQuando il paziente asmatico sta meglio \u2013 spiega la <strong>dott.ssa Francesca Puggioni, pneumologa di Humanitas<\/strong>, tende a non assumere o a ridurre la terapia. Invece, all\u2019esordio della pandemia, i pazienti hanno seguito le raccomandazioni delle societ\u00e0 scientifiche di continuare regolarmente l\u2019assunzione dei farmaci. Grazie anche alla telemedicina, con la pandemia abbiamo assistito a una maggiore\u00a0aderenza degli asmatici alle terapie, che ha contribuito a migliorare l\u2019effetto (<em>effectiveness<\/em>) delle terapie stesse sul paziente, dato che l\u2019efficacia \u00e8 direttamente proporzionale proprio all\u2019aderenza alle terapie prescritte. Questa \u00e8 una strada che \u00e8 importante continuare a percorrere anche dopo Covid\u201d.<\/p>\n<p><strong><u>Nuove terapie biologiche per chi respira male<\/u><\/strong><\/p>\n<p>\u201cLa rinosinusite con poliposi nasale \u2013 spiega il <strong>dott. Luca Malvezzi, otorinolaringoiatra di Humanitas<\/strong> \u2013 non \u00e8 un problema localizzato alla sola mucosa del naso, ma una malattia del sistema immunitario correlata ad altre patologie, e caratterizzata da alti livelli di infiammazione\u201d. L\u2019accelerazione alla Ricerca Scientifica data dalla pandemia ha contribuito a sviluppare <strong>nuovi anticorpi monoclonali, specie per la cura di quel 42% di pazienti che presentano asma grave e poliposi nasale insieme<\/strong>. \u201cUn farmaco biologico gi\u00e0 approvato per la <strong>dermatite atopica<\/strong> e ora anche per l\u2019asma grave e per la poliposi nasale \u2013 spiega il <strong>prof. <a class=\"arrow\" href=\"https:\/\/hunimed.humweb.webiz.team\/it\/member\/enrico-marco-heffler\/\">Enrico Heffler<\/a>\u00a0 \u00a0 allergologo di Humanitas e docente Humanitas University<\/strong> \u2013 interrompe i meccanismi infiammatori responsabili di queste patologie\u201d. Altri farmaci biologici, con meccanismi d\u2019azione differenti, sono gi\u00e0 utilizzati da anni per l\u2019asma grave e sono in fase di studio per la poliposi nasale. Tutto questo ha cambiato l\u2019approccio a queste malattie, aprendo la strada a terapie mirate e personalizzate anche per la poliposi nasale che si aggiungono alle altre opzioni terapeutiche (chirurgia e cortisonici), ma risparmiando in molti casi l\u2019intervento chirurgico e gli effetti collaterali del cortisone al paziente.<\/p>\n<p><strong><u>La cornice: cattiva respirazione, un problema molto diffuso<\/u><\/strong><\/p>\n<p>In un anno, in Italia, sono state 11 milioni le ricerche sul web per sintomo di cattiva respirazione\/rinosinusite; 22 milioni quelle per rinosinusite e allergie, 7 milioni per ostruzione della respirazione nasale. Fra i 35 e 45 anni, i sintomi di ostruzione nasale diventano pi\u00f9 evidenti per il riassorbimento progressivo e fisiologico del collagene e per il mancato funzionamento della valvola nasale, che si aggiungono all\u2019infiammazione cronica alla base della rinosinusite e dell\u2019asma e che determina un costante peggioramento della qualit\u00e0 di vita e un peggioramento dei sintomi nel corso degli anni. La rinologia \u00e8 una specialit\u00e0 ad alta complessit\u00e0 e multidisciplinare che ha commistioni con oculistica, radiologia, gastroenterologia, dermatologia, allergologia, immunologia, neurologia, laboratorio di analisi. Questo dice anche della difficolt\u00e0 che alcuni pazienti hanno a trovare la strada giusta per risolvere le difficolt\u00e0 alla respirazione e i problemi collaterali che si associano a rinosinusite e asma.<\/p>\n","protected":false},"excerpt":{"rendered":"<p>Nell\u2019anno in cui l\u2019attenzione mondiale si \u00e8 concentrata sull\u2019infezione respiratoria da Covid-19, la vita di chi soffre di&#8230;<\/p>\n","protected":false},"author":16,"featured_media":15353,"comment_status":"closed","ping_status":"closed","sticky":false,"template":"","format":"standard","meta":{"footnotes":""},"categories":[763,767],"tags":[],"yoast_head":"<!-- This site is optimized with the Yoast SEO plugin v22.0 - https:\/\/yoast.com\/wordpress\/plugins\/seo\/ -->\n<title>Asma e rinosinusite in epoca Covid: i nuovi farmaci biologici cambiano la vita dei malati - Hunimed<\/title>\n<meta name=\"description\" content=\"Nell\u2019anno in cui l\u2019attenzione mondiale si \u00e8 concentrata sull\u2019infezione respiratoria da Covid-19, la vita di chi soffre di asma, rinosinusite e poliposi\" \/>\n<meta name=\"robots\" content=\"noindex, follow, max-snippet:-1, max-image-preview:large, max-video-preview:-1\" \/>\n<meta property=\"og:locale\" content=\"it_IT\" \/>\n<meta property=\"og:type\" content=\"article\" \/>\n<meta property=\"og:title\" content=\"Asma e rinosinusite in epoca Covid: i nuovi farmaci biologici cambiano la vita dei malati - Hunimed\" \/>\n<meta property=\"og:description\" content=\"Nell\u2019anno in cui l\u2019attenzione mondiale si \u00e8 concentrata sull\u2019infezione respiratoria da Covid-19, la vita di chi soffre di asma, rinosinusite e poliposi\" \/>\n<meta property=\"og:url\" content=\"https:\/\/www.hunimed.eu\/it\/news\/asma-e-rinosinusite-in-epoca-covid-i-nuovi-farmaci-biologici-cambiano-la-vita-dei-malati\/\" \/>\n<meta property=\"og:site_name\" content=\"Hunimed\" \/>\n<meta property=\"article:publisher\" content=\"https:\/\/www.facebook.com\/Hunimed\/\" \/>\n<meta property=\"article:published_time\" content=\"2021-04-01T10:57:58+00:00\" \/>\n<meta property=\"og:image\" content=\"https:\/\/www.hunimed.eu\/wp-content\/uploads\/2021\/04\/allergie.png\" \/>\n\t<meta property=\"og:image:width\" content=\"600\" \/>\n\t<meta property=\"og:image:height\" content=\"320\" \/>\n\t<meta property=\"og:image:type\" content=\"image\/png\" \/>\n<meta name=\"author\" content=\"cfrattini\" \/>\n<meta name=\"twitter:card\" content=\"summary_large_image\" \/>\n<meta name=\"twitter:label1\" content=\"Scritto da\" \/>\n\t<meta name=\"twitter:data1\" content=\"cfrattini\" \/>\n\t<meta name=\"twitter:label2\" content=\"Tempo di lettura stimato\" \/>\n\t<meta name=\"twitter:data2\" content=\"4 minuti\" \/>\n<script type=\"application\/ld+json\" class=\"yoast-schema-graph\">{\"@context\":\"https:\/\/schema.org\",\"@graph\":[{\"@type\":\"Article\",\"@id\":\"https:\/\/www.hunimed.eu\/it\/news\/asma-e-rinosinusite-in-epoca-covid-i-nuovi-farmaci-biologici-cambiano-la-vita-dei-malati\/#article\",\"isPartOf\":{\"@id\":\"https:\/\/www.hunimed.eu\/it\/news\/asma-e-rinosinusite-in-epoca-covid-i-nuovi-farmaci-biologici-cambiano-la-vita-dei-malati\/\"},\"author\":{\"name\":\"cfrattini\",\"@id\":\"https:\/\/hunimed.humweb.webiz.team\/#\/schema\/person\/9b29df2e5bdde01515b8bb66b863fe49\"},\"headline\":\"Asma e rinosinusite in epoca Covid: i nuovi farmaci biologici cambiano la vita dei malati\",\"datePublished\":\"2021-04-01T10:57:58+00:00\",\"dateModified\":\"2021-04-01T10:57:58+00:00\",\"mainEntityOfPage\":{\"@id\":\"https:\/\/www.hunimed.eu\/it\/news\/asma-e-rinosinusite-in-epoca-covid-i-nuovi-farmaci-biologici-cambiano-la-vita-dei-malati\/\"},\"wordCount\":891,\"publisher\":{\"@id\":\"https:\/\/hunimed.humweb.webiz.team\/#organization\"},\"articleSection\":[\"Mondo Humanitas\",\"Scienze Mediche\"],\"inLanguage\":\"it-IT\"},{\"@type\":\"WebPage\",\"@id\":\"https:\/\/www.hunimed.eu\/it\/news\/asma-e-rinosinusite-in-epoca-covid-i-nuovi-farmaci-biologici-cambiano-la-vita-dei-malati\/\",\"url\":\"https:\/\/www.hunimed.eu\/it\/news\/asma-e-rinosinusite-in-epoca-covid-i-nuovi-farmaci-biologici-cambiano-la-vita-dei-malati\/\",\"name\":\"Asma e rinosinusite in epoca Covid: i nuovi farmaci biologici cambiano la vita dei malati - Hunimed\",\"isPartOf\":{\"@id\":\"https:\/\/hunimed.humweb.webiz.team\/#website\"},\"datePublished\":\"2021-04-01T10:57:58+00:00\",\"dateModified\":\"2021-04-01T10:57:58+00:00\",\"description\":\"Nell\u2019anno in cui l\u2019attenzione mondiale si \u00e8 concentrata sull\u2019infezione respiratoria da Covid-19, la vita di chi soffre di asma, rinosinusite e poliposi\",\"breadcrumb\":{\"@id\":\"https:\/\/www.hunimed.eu\/it\/news\/asma-e-rinosinusite-in-epoca-covid-i-nuovi-farmaci-biologici-cambiano-la-vita-dei-malati\/#breadcrumb\"},\"inLanguage\":\"it-IT\",\"potentialAction\":[{\"@type\":\"ReadAction\",\"target\":[\"https:\/\/www.hunimed.eu\/it\/news\/asma-e-rinosinusite-in-epoca-covid-i-nuovi-farmaci-biologici-cambiano-la-vita-dei-malati\/\"]}]},{\"@type\":\"BreadcrumbList\",\"@id\":\"https:\/\/www.hunimed.eu\/it\/news\/asma-e-rinosinusite-in-epoca-covid-i-nuovi-farmaci-biologici-cambiano-la-vita-dei-malati\/#breadcrumb\",\"itemListElement\":[{\"@type\":\"ListItem\",\"position\":1,\"name\":\"Home\",\"item\":\"https:\/\/www.hunimed.eu\/it\/\"},{\"@type\":\"ListItem\",\"position\":2,\"name\":\"Asma e rinosinusite in epoca Covid: i nuovi farmaci biologici cambiano la vita dei malati\"}]},{\"@type\":\"WebSite\",\"@id\":\"https:\/\/hunimed.humweb.webiz.team\/#website\",\"url\":\"https:\/\/hunimed.humweb.webiz.team\/\",\"name\":\"Hunimed\",\"description\":\"Humanitas University\",\"publisher\":{\"@id\":\"https:\/\/hunimed.humweb.webiz.team\/#organization\"},\"potentialAction\":[{\"@type\":\"SearchAction\",\"target\":{\"@type\":\"EntryPoint\",\"urlTemplate\":\"https:\/\/hunimed.humweb.webiz.team\/?s={search_term_string}\"},\"query-input\":\"required name=search_term_string\"}],\"inLanguage\":\"it-IT\"},{\"@type\":\"Organization\",\"@id\":\"https:\/\/hunimed.humweb.webiz.team\/#organization\",\"name\":\"Humanitas University\",\"url\":\"https:\/\/hunimed.humweb.webiz.team\/\",\"logo\":{\"@type\":\"ImageObject\",\"inLanguage\":\"it-IT\",\"@id\":\"https:\/\/hunimed.humweb.webiz.team\/#\/schema\/logo\/image\/\",\"url\":\"https:\/\/hunimed.humweb.webiz.team\/wp-content\/uploads\/2019\/07\/logo.svg\",\"contentUrl\":\"https:\/\/hunimed.humweb.webiz.team\/wp-content\/uploads\/2019\/07\/logo.svg\",\"caption\":\"Humanitas University\"},\"image\":{\"@id\":\"https:\/\/hunimed.humweb.webiz.team\/#\/schema\/logo\/image\/\"},\"sameAs\":[\"https:\/\/www.facebook.com\/Hunimed\/\",\"https:\/\/www.linkedin.com\/school\/18280267\/admin\/\"]},{\"@type\":\"Person\",\"@id\":\"https:\/\/hunimed.humweb.webiz.team\/#\/schema\/person\/9b29df2e5bdde01515b8bb66b863fe49\",\"name\":\"cfrattini\",\"image\":{\"@type\":\"ImageObject\",\"inLanguage\":\"it-IT\",\"@id\":\"https:\/\/hunimed.humweb.webiz.team\/#\/schema\/person\/image\/\",\"url\":\"https:\/\/secure.gravatar.com\/avatar\/515ddecb77fdf68ab9268b690bd4f1ea?s=96&d=mm&r=g\",\"contentUrl\":\"https:\/\/secure.gravatar.com\/avatar\/515ddecb77fdf68ab9268b690bd4f1ea?s=96&d=mm&r=g\",\"caption\":\"cfrattini\"},\"url\":\"https:\/\/hunimed.humweb.webiz.team\/it\/news\/author\/cfrattini\/\"}]}<\/script>\n<!-- \/ Yoast SEO plugin. -->","yoast_head_json":{"title":"Asma e rinosinusite in epoca Covid: i nuovi farmaci biologici cambiano la vita dei malati - Hunimed","description":"Nell\u2019anno in cui l\u2019attenzione mondiale si \u00e8 concentrata sull\u2019infezione respiratoria da Covid-19, la vita di chi soffre di asma, rinosinusite e poliposi","robots":{"index":"noindex","follow":"follow","max-snippet":"max-snippet:-1","max-image-preview":"max-image-preview:large","max-video-preview":"max-video-preview:-1"},"og_locale":"it_IT","og_type":"article","og_title":"Asma e rinosinusite in epoca Covid: i nuovi farmaci biologici cambiano la vita dei malati - Hunimed","og_description":"Nell\u2019anno in cui l\u2019attenzione mondiale si \u00e8 concentrata sull\u2019infezione respiratoria da Covid-19, la vita di chi soffre di asma, rinosinusite e poliposi","og_url":"https:\/\/www.hunimed.eu\/it\/news\/asma-e-rinosinusite-in-epoca-covid-i-nuovi-farmaci-biologici-cambiano-la-vita-dei-malati\/","og_site_name":"Hunimed","article_publisher":"https:\/\/www.facebook.com\/Hunimed\/","article_published_time":"2021-04-01T10:57:58+00:00","og_image":[{"width":600,"height":320,"url":"https:\/\/www.hunimed.eu\/wp-content\/uploads\/2021\/04\/allergie.png","type":"image\/png"}],"author":"cfrattini","twitter_card":"summary_large_image","twitter_misc":{"Scritto da":"cfrattini","Tempo di lettura stimato":"4 minuti"},"schema":{"@context":"https:\/\/schema.org","@graph":[{"@type":"Article","@id":"https:\/\/www.hunimed.eu\/it\/news\/asma-e-rinosinusite-in-epoca-covid-i-nuovi-farmaci-biologici-cambiano-la-vita-dei-malati\/#article","isPartOf":{"@id":"https:\/\/www.hunimed.eu\/it\/news\/asma-e-rinosinusite-in-epoca-covid-i-nuovi-farmaci-biologici-cambiano-la-vita-dei-malati\/"},"author":{"name":"cfrattini","@id":"https:\/\/hunimed.humweb.webiz.team\/#\/schema\/person\/9b29df2e5bdde01515b8bb66b863fe49"},"headline":"Asma e rinosinusite in epoca Covid: i nuovi farmaci biologici cambiano la vita dei malati","datePublished":"2021-04-01T10:57:58+00:00","dateModified":"2021-04-01T10:57:58+00:00","mainEntityOfPage":{"@id":"https:\/\/www.hunimed.eu\/it\/news\/asma-e-rinosinusite-in-epoca-covid-i-nuovi-farmaci-biologici-cambiano-la-vita-dei-malati\/"},"wordCount":891,"publisher":{"@id":"https:\/\/hunimed.humweb.webiz.team\/#organization"},"articleSection":["Mondo Humanitas","Scienze Mediche"],"inLanguage":"it-IT"},{"@type":"WebPage","@id":"https:\/\/www.hunimed.eu\/it\/news\/asma-e-rinosinusite-in-epoca-covid-i-nuovi-farmaci-biologici-cambiano-la-vita-dei-malati\/","url":"https:\/\/www.hunimed.eu\/it\/news\/asma-e-rinosinusite-in-epoca-covid-i-nuovi-farmaci-biologici-cambiano-la-vita-dei-malati\/","name":"Asma e rinosinusite in epoca Covid: i nuovi farmaci biologici cambiano la vita dei malati - Hunimed","isPartOf":{"@id":"https:\/\/hunimed.humweb.webiz.team\/#website"},"datePublished":"2021-04-01T10:57:58+00:00","dateModified":"2021-04-01T10:57:58+00:00","description":"Nell\u2019anno in cui l\u2019attenzione mondiale si \u00e8 concentrata sull\u2019infezione respiratoria da Covid-19, la vita di chi soffre di asma, rinosinusite e poliposi","breadcrumb":{"@id":"https:\/\/www.hunimed.eu\/it\/news\/asma-e-rinosinusite-in-epoca-covid-i-nuovi-farmaci-biologici-cambiano-la-vita-dei-malati\/#breadcrumb"},"inLanguage":"it-IT","potentialAction":[{"@type":"ReadAction","target":["https:\/\/www.hunimed.eu\/it\/news\/asma-e-rinosinusite-in-epoca-covid-i-nuovi-farmaci-biologici-cambiano-la-vita-dei-malati\/"]}]},{"@type":"BreadcrumbList","@id":"https:\/\/www.hunimed.eu\/it\/news\/asma-e-rinosinusite-in-epoca-covid-i-nuovi-farmaci-biologici-cambiano-la-vita-dei-malati\/#breadcrumb","itemListElement":[{"@type":"ListItem","position":1,"name":"Home","item":"https:\/\/www.hunimed.eu\/it\/"},{"@type":"ListItem","position":2,"name":"Asma e rinosinusite in epoca Covid: i nuovi farmaci biologici cambiano la vita dei malati"}]},{"@type":"WebSite","@id":"https:\/\/hunimed.humweb.webiz.team\/#website","url":"https:\/\/hunimed.humweb.webiz.team\/","name":"Hunimed","description":"Humanitas University","publisher":{"@id":"https:\/\/hunimed.humweb.webiz.team\/#organization"},"potentialAction":[{"@type":"SearchAction","target":{"@type":"EntryPoint","urlTemplate":"https:\/\/hunimed.humweb.webiz.team\/?s={search_term_string}"},"query-input":"required name=search_term_string"}],"inLanguage":"it-IT"},{"@type":"Organization","@id":"https:\/\/hunimed.humweb.webiz.team\/#organization","name":"Humanitas University","url":"https:\/\/hunimed.humweb.webiz.team\/","logo":{"@type":"ImageObject","inLanguage":"it-IT","@id":"https:\/\/hunimed.humweb.webiz.team\/#\/schema\/logo\/image\/","url":"https:\/\/hunimed.humweb.webiz.team\/wp-content\/uploads\/2019\/07\/logo.svg","contentUrl":"https:\/\/hunimed.humweb.webiz.team\/wp-content\/uploads\/2019\/07\/logo.svg","caption":"Humanitas University"},"image":{"@id":"https:\/\/hunimed.humweb.webiz.team\/#\/schema\/logo\/image\/"},"sameAs":["https:\/\/www.facebook.com\/Hunimed\/","https:\/\/www.linkedin.com\/school\/18280267\/admin\/"]},{"@type":"Person","@id":"https:\/\/hunimed.humweb.webiz.team\/#\/schema\/person\/9b29df2e5bdde01515b8bb66b863fe49","name":"cfrattini","image":{"@type":"ImageObject","inLanguage":"it-IT","@id":"https:\/\/hunimed.humweb.webiz.team\/#\/schema\/person\/image\/","url":"https:\/\/secure.gravatar.com\/avatar\/515ddecb77fdf68ab9268b690bd4f1ea?s=96&d=mm&r=g","contentUrl":"https:\/\/secure.gravatar.com\/avatar\/515ddecb77fdf68ab9268b690bd4f1ea?s=96&d=mm&r=g","caption":"cfrattini"},"url":"https:\/\/hunimed.humweb.webiz.team\/it\/news\/author\/cfrattini\/"}]}},"acf":[],"_links":{"self":[{"href":"https:\/\/hunimed.humweb.webiz.team\/it\/wp-json\/wp\/v2\/posts\/15352"}],"collection":[{"href":"https:\/\/hunimed.humweb.webiz.team\/it\/wp-json\/wp\/v2\/posts"}],"about":[{"href":"https:\/\/hunimed.humweb.webiz.team\/it\/wp-json\/wp\/v2\/types\/post"}],"author":[{"embeddable":true,"href":"https:\/\/hunimed.humweb.webiz.team\/it\/wp-json\/wp\/v2\/users\/16"}],"replies":[{"embeddable":true,"href":"https:\/\/hunimed.humweb.webiz.team\/it\/wp-json\/wp\/v2\/comments?post=15352"}],"version-history":[{"count":3,"href":"https:\/\/hunimed.humweb.webiz.team\/it\/wp-json\/wp\/v2\/posts\/15352\/revisions"}],"predecessor-version":[{"id":15357,"href":"https:\/\/hunimed.humweb.webiz.team\/it\/wp-json\/wp\/v2\/posts\/15352\/revisions\/15357"}],"wp:featuredmedia":[{"embeddable":true,"href":"https:\/\/hunimed.humweb.webiz.team\/it\/wp-json\/wp\/v2\/media\/15353"}],"wp:attachment":[{"href":"https:\/\/hunimed.humweb.webiz.team\/it\/wp-json\/wp\/v2\/media?parent=15352"}],"wp:term":[{"taxonomy":"category","embeddable":true,"href":"https:\/\/hunimed.humweb.webiz.team\/it\/wp-json\/wp\/v2\/categories?post=15352"},{"taxonomy":"post_tag","embeddable":true,"href":"https:\/\/hunimed.humweb.webiz.team\/it\/wp-json\/wp\/v2\/tags?post=15352"}],"curies":[{"name":"wp","href":"https:\/\/api.w.org\/{rel}","templated":true}]}}