{"id":11316,"date":"2020-06-23T08:25:53","date_gmt":"2020-06-23T08:25:53","guid":{"rendered":"https:\/\/www.hunimed.eu\/?p=11316"},"modified":"2020-06-23T08:25:53","modified_gmt":"2020-06-23T08:25:53","slug":"covid-19-e-alterazioni-cerebrali-lo-studio-di-humanitas-sui-pazienti-affetti-da-anosmia","status":"publish","type":"post","link":"https:\/\/hunimed.humweb.webiz.team\/it\/news\/covid-19-e-alterazioni-cerebrali-lo-studio-di-humanitas-sui-pazienti-affetti-da-anosmia\/","title":{"rendered":"Covid-19 e alterazioni cerebrali: lo studio di Humanitas sui pazienti affetti da anosmia"},"content":{"rendered":"<p>Indagare la relazione tra la perdita dell&#8217;olfatto accusata da alcuni pazienti Covid-19 e le alterazioni cerebrali provocate dal virus. \u00c8 l&#8217;obiettivo dello studio realizzato dal <strong>Prof. Letterio S. Politi<\/strong>, Direttore della Neuroradiologia Diagnostica, Interventistica e Funzionale di Humanitas e ordinario di Neuroradiologia di Humanitas University, con il dottor Marco Grimaldi, Responsabile del servizio di Neuroradiologia, e con il dottor Ettore Salsano dell\u2019Istituto Neurologico Carlo Besta. Un lavoro che apre la strada a futuri approfondimenti sugli effetti meno noti del virus.<\/p>\n<p><strong>Professor Politi, cosa avete scoperto sul legame tra anosmia e virus Sars-Cov-2?<\/strong><\/p>\n<p>Attraverso la risonanza magnetica abbiamo rilevato la presenza di alterazioni cerebrali compatibili con l\u2019infezione del virus in una paziente che aveva come unico sintomo la perdita dell&#8217;olfatto. Questo ci fa ritenere che il nuovo Coronavirus possa agire a livello del cervello, nei cosiddetti bulbi olfattivi e nelle aree della corteccia cerebrale responsabili dell&#8217;olfatto, provocando l&#8217;anosmia.<\/p>\n<p><strong>Cos&#8217;\u00e8 l&#8217;anosmia e da cosa \u00e8 causata?<\/strong><\/p>\n<p>\u00c8 la perdita dell&#8217;olfatto che proviamo tutti, in forma lieve, quando siamo raffreddati. Nel caso dell&#8217;influenza \u00e8 provocata da un&#8217;infiammazione della mucosa nasale, per cui le terminazioni nervose non sono pi\u00f9 in grado di percepire gli stimoli olfattivi. Nel caso del Covid-19, riteniamo che l&#8217;anosmia sia dovuta invece a un difetto neuro-sensoriale dovuto a un&#8217;infezione del sistema nervoso.<\/p>\n<p><strong>Qual \u00e8 la particolarit\u00e0 di questo caso rispetto ad altri pazienti Covid-19 con anosmia?<\/strong><\/p>\n<p>I danni cerebrali nella malattia Covid-19 sono stati riscontrati soprattutto nei pazienti gravi. In questi casi non \u00e8 chiaro se il danno sia dovuto alla presenza del virus nel cervello o a una sindrome infiammatoria sistemica che colpisce tutto il corpo. Il nostro studio invece si \u00e8 concentrato su una paziente il cui unico sintomo \u00e8 stata l&#8217;anosmia. Dalla risonanza magnetica sono emerse alterazioni a livello cerebrale in aree che sono deputate all&#8217;olfatto. Si tratta di un dato che era assente in letteratura e ha una certa rilevanza, documentando il possibile neurotropismo del virus, ossia la capacit\u00e0 di penetrare nei neuroni. Inoltre \u00e8 da sottolineare che l&#8217;anosmia possa rappresentare anche l&#8217;unico sintomo dell&#8217;infezione da Sars-Cov-2 e questo deve essere tenuto in considerazione per identificare e isolare i soggetti colpiti.<\/p>\n<p><strong>Quindi il virus pu\u00f2 agire sul cervello anche di chi \u00e8 infettato in modo lieve?<\/strong><\/p>\n<p>Il risultato ottenuto ci fa supporre che il virus arrivi a livello della mucosa nasale e si replichi, penetri quindi attraverso le terminazioni nervose e da l\u00ec, passando da un neurone all&#8217;altro, giunga alla corteggia cerebrale. Ovviamente non abbiamo quella che chiamano &#8216;la pistola fumante&#8217;, perch\u00e9, a rigor scientifico, servirebbe una biopsia che confermi la presenza del virus nel cervello. Tuttavia le alterazioni che abbiamo rilevato documentano questa possibilit\u00e0 e studi autoptici effettuati in altri Stati hanno confermato questa ipotesi.<\/p>\n<p><strong>Oltre all&#8217;anosmia, quali altri danni provoca il virus a livello cerebrale?<\/strong><\/p>\n<p>Sembra che quello olfattivo non sia l&#8217;unico nervo cranico coinvolto. Ci sono pazienti che hanno avuto dolori al viso, alterazioni della sensibilit\u00e0, disturbi dell&#8217;udito. Studieremo questi aspetti per capire come questo virus possa interessare il sistema nervoso. All&#8217;altro estremo consideriamo anche i pazienti pi\u00f9 gravi, che sono stati intubati, alcuni dei quali hanno presentato danni cerebrali ben pi\u00f9 seri, la cui natura e il cui sviluppo non sono ancora molto chiari. Sono ancora tante le domande senza risposta.<\/p>\n<p><strong>\u00c8 possibile che pazienti con l&#8217;anosmia come unico sintomo siano sfuggiti ai tamponi e ai test sierologici? <\/strong><\/p>\n<p>S\u00ec, anche perch\u00e9 l&#8217;anosmia all&#8217;inizio non era segnalata tra i sintomi della malattia. Questo \u00e8 un virus che non conosciamo ancora bene, ed \u00e8 probabile che pazienti con pochi sintomi siano rimasti esclusi dagli screening. Ora l&#8217;anosmia \u00e8 stata aggiunta ai sintomi Covid-19, questo pu\u00f2 dare maggiore consapevolezza.<\/p>\n<p><strong>Quali sono i futuri sviluppi della ricerca?<\/strong><\/p>\n<p>Intendiamo valutare, in collaborazione con neurologi e otorinolaringoiatri, un certo numero di pazienti che hanno avuto un&#8217;anosmia o ancora ne soffrono. L&#8217;obiettivo \u00e8 verificare, sempre attraverso la risonanza magnetica e i test clinici, quali possono essere gli esiti di questo tipo di difetto e vedere se ci sono deficit o alterazioni residue.<\/p>\n","protected":false},"excerpt":{"rendered":"<p>Indagare la relazione tra la perdita dell&#8217;olfatto accusata da alcuni pazienti Covid-19 e le alterazioni cerebrali provocate dal&#8230;<\/p>\n","protected":false},"author":16,"featured_media":11317,"comment_status":"closed","ping_status":"closed","sticky":false,"template":"","format":"standard","meta":{"footnotes":""},"categories":[1167,767],"tags":[],"yoast_head":"<!-- This site is optimized with the Yoast SEO plugin v22.0 - https:\/\/yoast.com\/wordpress\/plugins\/seo\/ -->\n<title>Covid-19 e alterazioni cerebrali: lo studio di Humanitas sui pazienti affetti da anosmia - Hunimed<\/title>\n<meta name=\"description\" content=\"Indagare la relazione tra la perdita dell&#039;olfatto accusata da alcuni pazienti Covid-19 e le alterazioni cerebrali provocate dal virus. \u00c8 l&#039;obiettivo dello\" \/>\n<meta name=\"robots\" content=\"noindex, follow, max-snippet:-1, max-image-preview:large, max-video-preview:-1\" \/>\n<meta property=\"og:locale\" content=\"it_IT\" \/>\n<meta property=\"og:type\" content=\"article\" \/>\n<meta property=\"og:title\" content=\"Covid-19 e alterazioni cerebrali: lo studio di Humanitas sui pazienti affetti da anosmia - Hunimed\" \/>\n<meta property=\"og:description\" content=\"Indagare la relazione tra la perdita dell&#039;olfatto accusata da alcuni pazienti Covid-19 e le alterazioni cerebrali provocate dal virus. \u00c8 l&#039;obiettivo dello\" \/>\n<meta property=\"og:url\" content=\"https:\/\/www.hunimed.eu\/it\/news\/covid-19-e-alterazioni-cerebrali-lo-studio-di-humanitas-sui-pazienti-affetti-da-anosmia\/\" \/>\n<meta property=\"og:site_name\" content=\"Hunimed\" \/>\n<meta property=\"article:publisher\" content=\"https:\/\/www.facebook.com\/Hunimed\/\" \/>\n<meta property=\"article:published_time\" content=\"2020-06-23T08:25:53+00:00\" \/>\n<meta property=\"og:image\" content=\"https:\/\/www.hunimed.eu\/wp-content\/uploads\/2020\/06\/Anosmia.jpg\" \/>\n\t<meta property=\"og:image:width\" content=\"2000\" \/>\n\t<meta property=\"og:image:height\" content=\"1333\" \/>\n\t<meta property=\"og:image:type\" content=\"image\/jpeg\" \/>\n<meta name=\"author\" content=\"cfrattini\" \/>\n<meta name=\"twitter:card\" content=\"summary_large_image\" \/>\n<meta name=\"twitter:label1\" content=\"Scritto da\" \/>\n\t<meta name=\"twitter:data1\" content=\"cfrattini\" \/>\n\t<meta name=\"twitter:label2\" content=\"Tempo di lettura stimato\" \/>\n\t<meta name=\"twitter:data2\" content=\"3 minuti\" \/>\n<script type=\"application\/ld+json\" class=\"yoast-schema-graph\">{\"@context\":\"https:\/\/schema.org\",\"@graph\":[{\"@type\":\"Article\",\"@id\":\"https:\/\/www.hunimed.eu\/it\/news\/covid-19-e-alterazioni-cerebrali-lo-studio-di-humanitas-sui-pazienti-affetti-da-anosmia\/#article\",\"isPartOf\":{\"@id\":\"https:\/\/www.hunimed.eu\/it\/news\/covid-19-e-alterazioni-cerebrali-lo-studio-di-humanitas-sui-pazienti-affetti-da-anosmia\/\"},\"author\":{\"name\":\"cfrattini\",\"@id\":\"https:\/\/hunimed.humweb.webiz.team\/#\/schema\/person\/9b29df2e5bdde01515b8bb66b863fe49\"},\"headline\":\"Covid-19 e alterazioni cerebrali: lo studio di Humanitas sui pazienti affetti da anosmia\",\"datePublished\":\"2020-06-23T08:25:53+00:00\",\"dateModified\":\"2020-06-23T08:25:53+00:00\",\"mainEntityOfPage\":{\"@id\":\"https:\/\/www.hunimed.eu\/it\/news\/covid-19-e-alterazioni-cerebrali-lo-studio-di-humanitas-sui-pazienti-affetti-da-anosmia\/\"},\"wordCount\":690,\"publisher\":{\"@id\":\"https:\/\/hunimed.humweb.webiz.team\/#organization\"},\"articleSection\":[\"Covid-19\",\"Scienze Mediche\"],\"inLanguage\":\"it-IT\"},{\"@type\":\"WebPage\",\"@id\":\"https:\/\/www.hunimed.eu\/it\/news\/covid-19-e-alterazioni-cerebrali-lo-studio-di-humanitas-sui-pazienti-affetti-da-anosmia\/\",\"url\":\"https:\/\/www.hunimed.eu\/it\/news\/covid-19-e-alterazioni-cerebrali-lo-studio-di-humanitas-sui-pazienti-affetti-da-anosmia\/\",\"name\":\"Covid-19 e alterazioni cerebrali: lo studio di Humanitas sui pazienti affetti da anosmia - Hunimed\",\"isPartOf\":{\"@id\":\"https:\/\/hunimed.humweb.webiz.team\/#website\"},\"datePublished\":\"2020-06-23T08:25:53+00:00\",\"dateModified\":\"2020-06-23T08:25:53+00:00\",\"description\":\"Indagare la relazione tra la perdita dell'olfatto accusata da alcuni pazienti Covid-19 e le alterazioni cerebrali provocate dal virus. \u00c8 l'obiettivo dello\",\"breadcrumb\":{\"@id\":\"https:\/\/www.hunimed.eu\/it\/news\/covid-19-e-alterazioni-cerebrali-lo-studio-di-humanitas-sui-pazienti-affetti-da-anosmia\/#breadcrumb\"},\"inLanguage\":\"it-IT\",\"potentialAction\":[{\"@type\":\"ReadAction\",\"target\":[\"https:\/\/www.hunimed.eu\/it\/news\/covid-19-e-alterazioni-cerebrali-lo-studio-di-humanitas-sui-pazienti-affetti-da-anosmia\/\"]}]},{\"@type\":\"BreadcrumbList\",\"@id\":\"https:\/\/www.hunimed.eu\/it\/news\/covid-19-e-alterazioni-cerebrali-lo-studio-di-humanitas-sui-pazienti-affetti-da-anosmia\/#breadcrumb\",\"itemListElement\":[{\"@type\":\"ListItem\",\"position\":1,\"name\":\"Home\",\"item\":\"https:\/\/www.hunimed.eu\/it\/\"},{\"@type\":\"ListItem\",\"position\":2,\"name\":\"Covid-19 e alterazioni cerebrali: lo studio di Humanitas sui pazienti affetti da anosmia\"}]},{\"@type\":\"WebSite\",\"@id\":\"https:\/\/hunimed.humweb.webiz.team\/#website\",\"url\":\"https:\/\/hunimed.humweb.webiz.team\/\",\"name\":\"Hunimed\",\"description\":\"Humanitas University\",\"publisher\":{\"@id\":\"https:\/\/hunimed.humweb.webiz.team\/#organization\"},\"potentialAction\":[{\"@type\":\"SearchAction\",\"target\":{\"@type\":\"EntryPoint\",\"urlTemplate\":\"https:\/\/hunimed.humweb.webiz.team\/?s={search_term_string}\"},\"query-input\":\"required name=search_term_string\"}],\"inLanguage\":\"it-IT\"},{\"@type\":\"Organization\",\"@id\":\"https:\/\/hunimed.humweb.webiz.team\/#organization\",\"name\":\"Humanitas University\",\"url\":\"https:\/\/hunimed.humweb.webiz.team\/\",\"logo\":{\"@type\":\"ImageObject\",\"inLanguage\":\"it-IT\",\"@id\":\"https:\/\/hunimed.humweb.webiz.team\/#\/schema\/logo\/image\/\",\"url\":\"https:\/\/hunimed.humweb.webiz.team\/wp-content\/uploads\/2019\/07\/logo.svg\",\"contentUrl\":\"https:\/\/hunimed.humweb.webiz.team\/wp-content\/uploads\/2019\/07\/logo.svg\",\"caption\":\"Humanitas University\"},\"image\":{\"@id\":\"https:\/\/hunimed.humweb.webiz.team\/#\/schema\/logo\/image\/\"},\"sameAs\":[\"https:\/\/www.facebook.com\/Hunimed\/\",\"https:\/\/www.linkedin.com\/school\/18280267\/admin\/\"]},{\"@type\":\"Person\",\"@id\":\"https:\/\/hunimed.humweb.webiz.team\/#\/schema\/person\/9b29df2e5bdde01515b8bb66b863fe49\",\"name\":\"cfrattini\",\"image\":{\"@type\":\"ImageObject\",\"inLanguage\":\"it-IT\",\"@id\":\"https:\/\/hunimed.humweb.webiz.team\/#\/schema\/person\/image\/\",\"url\":\"https:\/\/secure.gravatar.com\/avatar\/515ddecb77fdf68ab9268b690bd4f1ea?s=96&d=mm&r=g\",\"contentUrl\":\"https:\/\/secure.gravatar.com\/avatar\/515ddecb77fdf68ab9268b690bd4f1ea?s=96&d=mm&r=g\",\"caption\":\"cfrattini\"},\"url\":\"https:\/\/hunimed.humweb.webiz.team\/it\/news\/author\/cfrattini\/\"}]}<\/script>\n<!-- \/ Yoast SEO plugin. -->","yoast_head_json":{"title":"Covid-19 e alterazioni cerebrali: lo studio di Humanitas sui pazienti affetti da anosmia - Hunimed","description":"Indagare la relazione tra la perdita dell'olfatto accusata da alcuni pazienti Covid-19 e le alterazioni cerebrali provocate dal virus. \u00c8 l'obiettivo dello","robots":{"index":"noindex","follow":"follow","max-snippet":"max-snippet:-1","max-image-preview":"max-image-preview:large","max-video-preview":"max-video-preview:-1"},"og_locale":"it_IT","og_type":"article","og_title":"Covid-19 e alterazioni cerebrali: lo studio di Humanitas sui pazienti affetti da anosmia - Hunimed","og_description":"Indagare la relazione tra la perdita dell'olfatto accusata da alcuni pazienti Covid-19 e le alterazioni cerebrali provocate dal virus. \u00c8 l'obiettivo dello","og_url":"https:\/\/www.hunimed.eu\/it\/news\/covid-19-e-alterazioni-cerebrali-lo-studio-di-humanitas-sui-pazienti-affetti-da-anosmia\/","og_site_name":"Hunimed","article_publisher":"https:\/\/www.facebook.com\/Hunimed\/","article_published_time":"2020-06-23T08:25:53+00:00","og_image":[{"width":2000,"height":1333,"url":"https:\/\/www.hunimed.eu\/wp-content\/uploads\/2020\/06\/Anosmia.jpg","type":"image\/jpeg"}],"author":"cfrattini","twitter_card":"summary_large_image","twitter_misc":{"Scritto da":"cfrattini","Tempo di lettura stimato":"3 minuti"},"schema":{"@context":"https:\/\/schema.org","@graph":[{"@type":"Article","@id":"https:\/\/www.hunimed.eu\/it\/news\/covid-19-e-alterazioni-cerebrali-lo-studio-di-humanitas-sui-pazienti-affetti-da-anosmia\/#article","isPartOf":{"@id":"https:\/\/www.hunimed.eu\/it\/news\/covid-19-e-alterazioni-cerebrali-lo-studio-di-humanitas-sui-pazienti-affetti-da-anosmia\/"},"author":{"name":"cfrattini","@id":"https:\/\/hunimed.humweb.webiz.team\/#\/schema\/person\/9b29df2e5bdde01515b8bb66b863fe49"},"headline":"Covid-19 e alterazioni cerebrali: lo studio di Humanitas sui pazienti affetti da anosmia","datePublished":"2020-06-23T08:25:53+00:00","dateModified":"2020-06-23T08:25:53+00:00","mainEntityOfPage":{"@id":"https:\/\/www.hunimed.eu\/it\/news\/covid-19-e-alterazioni-cerebrali-lo-studio-di-humanitas-sui-pazienti-affetti-da-anosmia\/"},"wordCount":690,"publisher":{"@id":"https:\/\/hunimed.humweb.webiz.team\/#organization"},"articleSection":["Covid-19","Scienze Mediche"],"inLanguage":"it-IT"},{"@type":"WebPage","@id":"https:\/\/www.hunimed.eu\/it\/news\/covid-19-e-alterazioni-cerebrali-lo-studio-di-humanitas-sui-pazienti-affetti-da-anosmia\/","url":"https:\/\/www.hunimed.eu\/it\/news\/covid-19-e-alterazioni-cerebrali-lo-studio-di-humanitas-sui-pazienti-affetti-da-anosmia\/","name":"Covid-19 e alterazioni cerebrali: lo studio di Humanitas sui pazienti affetti da anosmia - Hunimed","isPartOf":{"@id":"https:\/\/hunimed.humweb.webiz.team\/#website"},"datePublished":"2020-06-23T08:25:53+00:00","dateModified":"2020-06-23T08:25:53+00:00","description":"Indagare la relazione tra la perdita dell'olfatto accusata da alcuni pazienti Covid-19 e le alterazioni cerebrali provocate dal virus. \u00c8 l'obiettivo dello","breadcrumb":{"@id":"https:\/\/www.hunimed.eu\/it\/news\/covid-19-e-alterazioni-cerebrali-lo-studio-di-humanitas-sui-pazienti-affetti-da-anosmia\/#breadcrumb"},"inLanguage":"it-IT","potentialAction":[{"@type":"ReadAction","target":["https:\/\/www.hunimed.eu\/it\/news\/covid-19-e-alterazioni-cerebrali-lo-studio-di-humanitas-sui-pazienti-affetti-da-anosmia\/"]}]},{"@type":"BreadcrumbList","@id":"https:\/\/www.hunimed.eu\/it\/news\/covid-19-e-alterazioni-cerebrali-lo-studio-di-humanitas-sui-pazienti-affetti-da-anosmia\/#breadcrumb","itemListElement":[{"@type":"ListItem","position":1,"name":"Home","item":"https:\/\/www.hunimed.eu\/it\/"},{"@type":"ListItem","position":2,"name":"Covid-19 e alterazioni cerebrali: lo studio di Humanitas sui pazienti affetti da anosmia"}]},{"@type":"WebSite","@id":"https:\/\/hunimed.humweb.webiz.team\/#website","url":"https:\/\/hunimed.humweb.webiz.team\/","name":"Hunimed","description":"Humanitas University","publisher":{"@id":"https:\/\/hunimed.humweb.webiz.team\/#organization"},"potentialAction":[{"@type":"SearchAction","target":{"@type":"EntryPoint","urlTemplate":"https:\/\/hunimed.humweb.webiz.team\/?s={search_term_string}"},"query-input":"required name=search_term_string"}],"inLanguage":"it-IT"},{"@type":"Organization","@id":"https:\/\/hunimed.humweb.webiz.team\/#organization","name":"Humanitas University","url":"https:\/\/hunimed.humweb.webiz.team\/","logo":{"@type":"ImageObject","inLanguage":"it-IT","@id":"https:\/\/hunimed.humweb.webiz.team\/#\/schema\/logo\/image\/","url":"https:\/\/hunimed.humweb.webiz.team\/wp-content\/uploads\/2019\/07\/logo.svg","contentUrl":"https:\/\/hunimed.humweb.webiz.team\/wp-content\/uploads\/2019\/07\/logo.svg","caption":"Humanitas University"},"image":{"@id":"https:\/\/hunimed.humweb.webiz.team\/#\/schema\/logo\/image\/"},"sameAs":["https:\/\/www.facebook.com\/Hunimed\/","https:\/\/www.linkedin.com\/school\/18280267\/admin\/"]},{"@type":"Person","@id":"https:\/\/hunimed.humweb.webiz.team\/#\/schema\/person\/9b29df2e5bdde01515b8bb66b863fe49","name":"cfrattini","image":{"@type":"ImageObject","inLanguage":"it-IT","@id":"https:\/\/hunimed.humweb.webiz.team\/#\/schema\/person\/image\/","url":"https:\/\/secure.gravatar.com\/avatar\/515ddecb77fdf68ab9268b690bd4f1ea?s=96&d=mm&r=g","contentUrl":"https:\/\/secure.gravatar.com\/avatar\/515ddecb77fdf68ab9268b690bd4f1ea?s=96&d=mm&r=g","caption":"cfrattini"},"url":"https:\/\/hunimed.humweb.webiz.team\/it\/news\/author\/cfrattini\/"}]}},"acf":[],"_links":{"self":[{"href":"https:\/\/hunimed.humweb.webiz.team\/it\/wp-json\/wp\/v2\/posts\/11316"}],"collection":[{"href":"https:\/\/hunimed.humweb.webiz.team\/it\/wp-json\/wp\/v2\/posts"}],"about":[{"href":"https:\/\/hunimed.humweb.webiz.team\/it\/wp-json\/wp\/v2\/types\/post"}],"author":[{"embeddable":true,"href":"https:\/\/hunimed.humweb.webiz.team\/it\/wp-json\/wp\/v2\/users\/16"}],"replies":[{"embeddable":true,"href":"https:\/\/hunimed.humweb.webiz.team\/it\/wp-json\/wp\/v2\/comments?post=11316"}],"version-history":[{"count":2,"href":"https:\/\/hunimed.humweb.webiz.team\/it\/wp-json\/wp\/v2\/posts\/11316\/revisions"}],"predecessor-version":[{"id":11320,"href":"https:\/\/hunimed.humweb.webiz.team\/it\/wp-json\/wp\/v2\/posts\/11316\/revisions\/11320"}],"wp:featuredmedia":[{"embeddable":true,"href":"https:\/\/hunimed.humweb.webiz.team\/it\/wp-json\/wp\/v2\/media\/11317"}],"wp:attachment":[{"href":"https:\/\/hunimed.humweb.webiz.team\/it\/wp-json\/wp\/v2\/media?parent=11316"}],"wp:term":[{"taxonomy":"category","embeddable":true,"href":"https:\/\/hunimed.humweb.webiz.team\/it\/wp-json\/wp\/v2\/categories?post=11316"},{"taxonomy":"post_tag","embeddable":true,"href":"https:\/\/hunimed.humweb.webiz.team\/it\/wp-json\/wp\/v2\/tags?post=11316"}],"curies":[{"name":"wp","href":"https:\/\/api.w.org\/{rel}","templated":true}]}}