{"id":10728,"date":"2020-05-12T15:29:33","date_gmt":"2020-05-12T15:29:33","guid":{"rendered":"https:\/\/www.hunimed.eu\/?p=10728"},"modified":"2020-05-26T14:42:06","modified_gmt":"2020-05-26T14:42:06","slug":"un-concerto-per-la-rinascita-un-omaggio-di-franco-vassallo-a-humanitas-per-ripartire-insieme","status":"publish","type":"post","link":"https:\/\/hunimed.humweb.webiz.team\/it\/news\/un-concerto-per-la-rinascita-un-omaggio-di-franco-vassallo-a-humanitas-per-ripartire-insieme\/","title":{"rendered":"Un concerto per la rinascita: un omaggio di Franco Vassallo a Humanitas per ripartire insieme."},"content":{"rendered":"<p>Uno speciale concerto in diretta Facebook del noto <strong>baritono italiano Franco Vassallo<\/strong> per celebrare con alcune delle arie pi\u00f9 note del panorama lirico e musicale il momento della rinascita, ma anche il<strong> legame indissolubile tra la musica e la salute.<\/strong><\/p>\n<p>Ripartire insieme proprio dalla cura della ricerca e, soprattutto, dalla formazione che \u00e8 alla base del futuro. Ed \u00e8 quest\u2019ultima il \u201cpalco\u201d di questo speciale momento: il Campus di Humanitas University, un luogo simbolo per rendere un omaggio alla comunit\u00e0 Humanitas, agli studenti e pi\u00f9 in generale a tutti coloro che vogliono vivere uno speciale momento di dedicato alla cultura e alla condivisione di emozioni, per essere ancora pi\u00f9 uniti.<br \/>\nFranco Vassallo, uno dei pi\u00f9 richiesti baritoni del panorama internazionale, da sempre ospite dei pi\u00f9 importanti teatri del mondo \u2212 dal Metropolitan alla Scala, dall\u2019Opera de Paris al Covent Garden di Londra \u00e8 stato protagonista di questo Recital, accompagnato dal pianista Giulio Zappa.<\/p>\n<p>\u201cSono molto felice di questa collaborazione con Humanitas, per una sinergia tra arte e scienza che possa ispirare menti e cuori ad una nuova &#8211; ed oggi quanto mai necessaria &#8211; coscienza collettiva\u201d commenta Franco Vassallo.<\/p>\n<p>\u201cIn tutti questi mesi non ci siamo mai fermati e anche in questa nuova fase stiamo nuovamente riorganizzando le nostre attivit\u00e0 didattiche per il nuovo anno accademico; cos\u00ec come l\u2019ospedale sta ora ripartendo con le varie attivit\u00e0. Un momento quindi davvero speciale che siamo felici di celebrare con un artista come Franco Vassallo, e che con orgoglio dedichiamo a tutta la comunit\u00e0 Humanitas, anche a chi si trova all\u2019estero, come molti dei nostri studenti stranieri\u201d aggiunge il prof. Marco Montorsi, Rettore Humanitas University.<\/p>\n<p>Il recital si \u00e8 tenuto nella suggestiva location del Campus di Humanitas University: protagonista di pause studio, gal\u00e0 studenteschi, prove di gruppo e, pi\u00f9 in generale della vita del Campus.<br \/>\nIl concerto si \u00e8 tenuto il <strong>14 maggio alle 17.30 dalla <a class=\"external\" href=\"https:\/\/www.facebook.com\/Hunimed\/live\/\">pagina Facebook di Humanitas University<\/a><\/strong><br \/>\nIl programma del concerto \u00e8 stato pensato per celebrare la voglia e la volont\u00e0 di rinascita, nonch\u00e8 i valori umani che in questo periodo abbiamo capito essere insostituibili ed essenziali nella nostra vita.<\/p>\n<p>I primi tre brani sono legati all\u2019effulgenza radiante del sole; iniziando dalla famosissima canzone \u2018O sole mio\u2019, passando poi alla celeberrima cavatina di Figaro, il barbiere factotum di Rossini, che come un sole gioioso, radiante e instancabile illumina la citt\u00e0 e gli abitanti di Siviglia e arrivando alla Mattinata di Leoncavallo, entusiasta serenata d\u2019amore, cantata allo spuntare dell\u2019aurora che precede il sorgere del sole.<br \/>\nIl quarto brano tratto dall\u2019opera Ernani di Verdi tratta il tema della sovranit\u00e0 ideale e delle responsabilit\u00e0 connesse alla regalit\u00e0, sentita come virtuoso dovere e come superamento dell\u2019egoismo; si passa quindi alla toccante meditazione sacra dell\u2019Ave Maria di Gounod e all\u2019aria \u2018Nemico della patria\u2019 dall\u2019opera Andrea Ch\u00e9nier di Giordano, che tratta il tema ideale della fratellanza universale per poi concludere con il nostro inno nazionale, Fratelli d\u2019Italia!<\/p>\n<p>Il programma<br \/>\n&#8211; Di Capua-Capurro: O sole mio!<br \/>\n&#8211; Rossini: Cavatina di Figaro (Il barbiere di Siviglia)<br \/>\n&#8211; Leoncavallo: Mattinata<br \/>\n&#8211; Verdi: Oh de\u2019 verd\u2019anni miei (Ernani)<br \/>\n-Gounod: Ave Maria<br \/>\n&#8211; Giordano: Nemico della patria (Andrea Cheni\u00e8r)<br \/>\n&#8211; Inno di Mameli<\/p>\n<p>Qui il video completo:<\/p>\n<p><iframe loading=\"lazy\" src=\"https:\/\/www.youtube.com\/embed\/ZFk4RyoXgbg\" width=\"560\" height=\"315\" frameborder=\"0\" allowfullscreen=\"allowfullscreen\"><\/iframe><\/p>\n","protected":false},"excerpt":{"rendered":"<p>Uno speciale concerto in diretta Facebook del noto baritono italiano Franco Vassallo per celebrare con alcune delle arie&#8230;<\/p>\n","protected":false},"author":16,"featured_media":10736,"comment_status":"closed","ping_status":"closed","sticky":false,"template":"","format":"standard","meta":{"footnotes":""},"categories":[763],"tags":[],"yoast_head":"<!-- This site is optimized with the Yoast SEO plugin v22.0 - https:\/\/yoast.com\/wordpress\/plugins\/seo\/ -->\n<title>Un concerto per la rinascita: un omaggio di Franco Vassallo a Humanitas per ripartire insieme. - Hunimed<\/title>\n<meta name=\"description\" content=\"Uno speciale concerto in diretta Facebook del noto baritono italiano Franco Vassallo per celebrare con alcune delle arie pi\u00f9 note del panorama lirico e\" \/>\n<meta name=\"robots\" content=\"noindex, follow, max-snippet:-1, max-image-preview:large, max-video-preview:-1\" \/>\n<meta property=\"og:locale\" content=\"it_IT\" \/>\n<meta property=\"og:type\" content=\"article\" \/>\n<meta property=\"og:title\" content=\"Un concerto per la rinascita: un omaggio di Franco Vassallo a Humanitas per ripartire insieme. - Hunimed\" \/>\n<meta property=\"og:description\" content=\"Uno speciale concerto in diretta Facebook del noto baritono italiano Franco Vassallo per celebrare con alcune delle arie pi\u00f9 note del panorama lirico e\" \/>\n<meta property=\"og:url\" content=\"https:\/\/www.hunimed.eu\/it\/news\/un-concerto-per-la-rinascita-un-omaggio-di-franco-vassallo-a-humanitas-per-ripartire-insieme\/\" \/>\n<meta property=\"og:site_name\" content=\"Hunimed\" \/>\n<meta property=\"article:publisher\" content=\"https:\/\/www.facebook.com\/Hunimed\/\" \/>\n<meta property=\"article:published_time\" content=\"2020-05-12T15:29:33+00:00\" \/>\n<meta property=\"article:modified_time\" content=\"2020-05-26T14:42:06+00:00\" \/>\n<meta property=\"og:image\" content=\"https:\/\/www.hunimed.eu\/wp-content\/uploads\/2020\/05\/vassallor3.jpg\" \/>\n\t<meta property=\"og:image:width\" content=\"820\" \/>\n\t<meta property=\"og:image:height\" content=\"500\" \/>\n\t<meta property=\"og:image:type\" content=\"image\/jpeg\" \/>\n<meta name=\"author\" content=\"cfrattini\" \/>\n<meta name=\"twitter:card\" content=\"summary_large_image\" \/>\n<meta name=\"twitter:label1\" content=\"Scritto da\" \/>\n\t<meta name=\"twitter:data1\" content=\"cfrattini\" \/>\n\t<meta name=\"twitter:label2\" content=\"Tempo di lettura stimato\" \/>\n\t<meta name=\"twitter:data2\" content=\"3 minuti\" \/>\n<script type=\"application\/ld+json\" class=\"yoast-schema-graph\">{\"@context\":\"https:\/\/schema.org\",\"@graph\":[{\"@type\":\"Article\",\"@id\":\"https:\/\/www.hunimed.eu\/it\/news\/un-concerto-per-la-rinascita-un-omaggio-di-franco-vassallo-a-humanitas-per-ripartire-insieme\/#article\",\"isPartOf\":{\"@id\":\"https:\/\/www.hunimed.eu\/it\/news\/un-concerto-per-la-rinascita-un-omaggio-di-franco-vassallo-a-humanitas-per-ripartire-insieme\/\"},\"author\":{\"name\":\"cfrattini\",\"@id\":\"https:\/\/hunimed.humweb.webiz.team\/#\/schema\/person\/9b29df2e5bdde01515b8bb66b863fe49\"},\"headline\":\"Un concerto per la rinascita: un omaggio di Franco Vassallo a Humanitas per ripartire insieme.\",\"datePublished\":\"2020-05-12T15:29:33+00:00\",\"dateModified\":\"2020-05-26T14:42:06+00:00\",\"mainEntityOfPage\":{\"@id\":\"https:\/\/www.hunimed.eu\/it\/news\/un-concerto-per-la-rinascita-un-omaggio-di-franco-vassallo-a-humanitas-per-ripartire-insieme\/\"},\"wordCount\":549,\"publisher\":{\"@id\":\"https:\/\/hunimed.humweb.webiz.team\/#organization\"},\"articleSection\":[\"Mondo Humanitas\"],\"inLanguage\":\"it-IT\"},{\"@type\":\"WebPage\",\"@id\":\"https:\/\/www.hunimed.eu\/it\/news\/un-concerto-per-la-rinascita-un-omaggio-di-franco-vassallo-a-humanitas-per-ripartire-insieme\/\",\"url\":\"https:\/\/www.hunimed.eu\/it\/news\/un-concerto-per-la-rinascita-un-omaggio-di-franco-vassallo-a-humanitas-per-ripartire-insieme\/\",\"name\":\"Un concerto per la rinascita: un omaggio di Franco Vassallo a Humanitas per ripartire insieme. - Hunimed\",\"isPartOf\":{\"@id\":\"https:\/\/hunimed.humweb.webiz.team\/#website\"},\"datePublished\":\"2020-05-12T15:29:33+00:00\",\"dateModified\":\"2020-05-26T14:42:06+00:00\",\"description\":\"Uno speciale concerto in diretta Facebook del noto baritono italiano Franco Vassallo per celebrare con alcune delle arie pi\u00f9 note del panorama lirico e\",\"breadcrumb\":{\"@id\":\"https:\/\/www.hunimed.eu\/it\/news\/un-concerto-per-la-rinascita-un-omaggio-di-franco-vassallo-a-humanitas-per-ripartire-insieme\/#breadcrumb\"},\"inLanguage\":\"it-IT\",\"potentialAction\":[{\"@type\":\"ReadAction\",\"target\":[\"https:\/\/www.hunimed.eu\/it\/news\/un-concerto-per-la-rinascita-un-omaggio-di-franco-vassallo-a-humanitas-per-ripartire-insieme\/\"]}]},{\"@type\":\"BreadcrumbList\",\"@id\":\"https:\/\/www.hunimed.eu\/it\/news\/un-concerto-per-la-rinascita-un-omaggio-di-franco-vassallo-a-humanitas-per-ripartire-insieme\/#breadcrumb\",\"itemListElement\":[{\"@type\":\"ListItem\",\"position\":1,\"name\":\"Home\",\"item\":\"https:\/\/www.hunimed.eu\/it\/\"},{\"@type\":\"ListItem\",\"position\":2,\"name\":\"Un concerto per la rinascita: un omaggio di Franco Vassallo a Humanitas per ripartire insieme.\"}]},{\"@type\":\"WebSite\",\"@id\":\"https:\/\/hunimed.humweb.webiz.team\/#website\",\"url\":\"https:\/\/hunimed.humweb.webiz.team\/\",\"name\":\"Hunimed\",\"description\":\"Humanitas University\",\"publisher\":{\"@id\":\"https:\/\/hunimed.humweb.webiz.team\/#organization\"},\"potentialAction\":[{\"@type\":\"SearchAction\",\"target\":{\"@type\":\"EntryPoint\",\"urlTemplate\":\"https:\/\/hunimed.humweb.webiz.team\/?s={search_term_string}\"},\"query-input\":\"required name=search_term_string\"}],\"inLanguage\":\"it-IT\"},{\"@type\":\"Organization\",\"@id\":\"https:\/\/hunimed.humweb.webiz.team\/#organization\",\"name\":\"Humanitas University\",\"url\":\"https:\/\/hunimed.humweb.webiz.team\/\",\"logo\":{\"@type\":\"ImageObject\",\"inLanguage\":\"it-IT\",\"@id\":\"https:\/\/hunimed.humweb.webiz.team\/#\/schema\/logo\/image\/\",\"url\":\"https:\/\/hunimed.humweb.webiz.team\/wp-content\/uploads\/2019\/07\/logo.svg\",\"contentUrl\":\"https:\/\/hunimed.humweb.webiz.team\/wp-content\/uploads\/2019\/07\/logo.svg\",\"caption\":\"Humanitas University\"},\"image\":{\"@id\":\"https:\/\/hunimed.humweb.webiz.team\/#\/schema\/logo\/image\/\"},\"sameAs\":[\"https:\/\/www.facebook.com\/Hunimed\/\",\"https:\/\/www.linkedin.com\/school\/18280267\/admin\/\"]},{\"@type\":\"Person\",\"@id\":\"https:\/\/hunimed.humweb.webiz.team\/#\/schema\/person\/9b29df2e5bdde01515b8bb66b863fe49\",\"name\":\"cfrattini\",\"image\":{\"@type\":\"ImageObject\",\"inLanguage\":\"it-IT\",\"@id\":\"https:\/\/hunimed.humweb.webiz.team\/#\/schema\/person\/image\/\",\"url\":\"https:\/\/secure.gravatar.com\/avatar\/515ddecb77fdf68ab9268b690bd4f1ea?s=96&d=mm&r=g\",\"contentUrl\":\"https:\/\/secure.gravatar.com\/avatar\/515ddecb77fdf68ab9268b690bd4f1ea?s=96&d=mm&r=g\",\"caption\":\"cfrattini\"},\"url\":\"https:\/\/hunimed.humweb.webiz.team\/it\/news\/author\/cfrattini\/\"}]}<\/script>\n<!-- \/ Yoast SEO plugin. -->","yoast_head_json":{"title":"Un concerto per la rinascita: un omaggio di Franco Vassallo a Humanitas per ripartire insieme. - Hunimed","description":"Uno speciale concerto in diretta Facebook del noto baritono italiano Franco Vassallo per celebrare con alcune delle arie pi\u00f9 note del panorama lirico e","robots":{"index":"noindex","follow":"follow","max-snippet":"max-snippet:-1","max-image-preview":"max-image-preview:large","max-video-preview":"max-video-preview:-1"},"og_locale":"it_IT","og_type":"article","og_title":"Un concerto per la rinascita: un omaggio di Franco Vassallo a Humanitas per ripartire insieme. - Hunimed","og_description":"Uno speciale concerto in diretta Facebook del noto baritono italiano Franco Vassallo per celebrare con alcune delle arie pi\u00f9 note del panorama lirico e","og_url":"https:\/\/www.hunimed.eu\/it\/news\/un-concerto-per-la-rinascita-un-omaggio-di-franco-vassallo-a-humanitas-per-ripartire-insieme\/","og_site_name":"Hunimed","article_publisher":"https:\/\/www.facebook.com\/Hunimed\/","article_published_time":"2020-05-12T15:29:33+00:00","article_modified_time":"2020-05-26T14:42:06+00:00","og_image":[{"width":820,"height":500,"url":"https:\/\/www.hunimed.eu\/wp-content\/uploads\/2020\/05\/vassallor3.jpg","type":"image\/jpeg"}],"author":"cfrattini","twitter_card":"summary_large_image","twitter_misc":{"Scritto da":"cfrattini","Tempo di lettura stimato":"3 minuti"},"schema":{"@context":"https:\/\/schema.org","@graph":[{"@type":"Article","@id":"https:\/\/www.hunimed.eu\/it\/news\/un-concerto-per-la-rinascita-un-omaggio-di-franco-vassallo-a-humanitas-per-ripartire-insieme\/#article","isPartOf":{"@id":"https:\/\/www.hunimed.eu\/it\/news\/un-concerto-per-la-rinascita-un-omaggio-di-franco-vassallo-a-humanitas-per-ripartire-insieme\/"},"author":{"name":"cfrattini","@id":"https:\/\/hunimed.humweb.webiz.team\/#\/schema\/person\/9b29df2e5bdde01515b8bb66b863fe49"},"headline":"Un concerto per la rinascita: un omaggio di Franco Vassallo a Humanitas per ripartire insieme.","datePublished":"2020-05-12T15:29:33+00:00","dateModified":"2020-05-26T14:42:06+00:00","mainEntityOfPage":{"@id":"https:\/\/www.hunimed.eu\/it\/news\/un-concerto-per-la-rinascita-un-omaggio-di-franco-vassallo-a-humanitas-per-ripartire-insieme\/"},"wordCount":549,"publisher":{"@id":"https:\/\/hunimed.humweb.webiz.team\/#organization"},"articleSection":["Mondo Humanitas"],"inLanguage":"it-IT"},{"@type":"WebPage","@id":"https:\/\/www.hunimed.eu\/it\/news\/un-concerto-per-la-rinascita-un-omaggio-di-franco-vassallo-a-humanitas-per-ripartire-insieme\/","url":"https:\/\/www.hunimed.eu\/it\/news\/un-concerto-per-la-rinascita-un-omaggio-di-franco-vassallo-a-humanitas-per-ripartire-insieme\/","name":"Un concerto per la rinascita: un omaggio di Franco Vassallo a Humanitas per ripartire insieme. - Hunimed","isPartOf":{"@id":"https:\/\/hunimed.humweb.webiz.team\/#website"},"datePublished":"2020-05-12T15:29:33+00:00","dateModified":"2020-05-26T14:42:06+00:00","description":"Uno speciale concerto in diretta Facebook del noto baritono italiano Franco Vassallo per celebrare con alcune delle arie pi\u00f9 note del panorama lirico e","breadcrumb":{"@id":"https:\/\/www.hunimed.eu\/it\/news\/un-concerto-per-la-rinascita-un-omaggio-di-franco-vassallo-a-humanitas-per-ripartire-insieme\/#breadcrumb"},"inLanguage":"it-IT","potentialAction":[{"@type":"ReadAction","target":["https:\/\/www.hunimed.eu\/it\/news\/un-concerto-per-la-rinascita-un-omaggio-di-franco-vassallo-a-humanitas-per-ripartire-insieme\/"]}]},{"@type":"BreadcrumbList","@id":"https:\/\/www.hunimed.eu\/it\/news\/un-concerto-per-la-rinascita-un-omaggio-di-franco-vassallo-a-humanitas-per-ripartire-insieme\/#breadcrumb","itemListElement":[{"@type":"ListItem","position":1,"name":"Home","item":"https:\/\/www.hunimed.eu\/it\/"},{"@type":"ListItem","position":2,"name":"Un concerto per la rinascita: un omaggio di Franco Vassallo a Humanitas per ripartire insieme."}]},{"@type":"WebSite","@id":"https:\/\/hunimed.humweb.webiz.team\/#website","url":"https:\/\/hunimed.humweb.webiz.team\/","name":"Hunimed","description":"Humanitas University","publisher":{"@id":"https:\/\/hunimed.humweb.webiz.team\/#organization"},"potentialAction":[{"@type":"SearchAction","target":{"@type":"EntryPoint","urlTemplate":"https:\/\/hunimed.humweb.webiz.team\/?s={search_term_string}"},"query-input":"required name=search_term_string"}],"inLanguage":"it-IT"},{"@type":"Organization","@id":"https:\/\/hunimed.humweb.webiz.team\/#organization","name":"Humanitas University","url":"https:\/\/hunimed.humweb.webiz.team\/","logo":{"@type":"ImageObject","inLanguage":"it-IT","@id":"https:\/\/hunimed.humweb.webiz.team\/#\/schema\/logo\/image\/","url":"https:\/\/hunimed.humweb.webiz.team\/wp-content\/uploads\/2019\/07\/logo.svg","contentUrl":"https:\/\/hunimed.humweb.webiz.team\/wp-content\/uploads\/2019\/07\/logo.svg","caption":"Humanitas University"},"image":{"@id":"https:\/\/hunimed.humweb.webiz.team\/#\/schema\/logo\/image\/"},"sameAs":["https:\/\/www.facebook.com\/Hunimed\/","https:\/\/www.linkedin.com\/school\/18280267\/admin\/"]},{"@type":"Person","@id":"https:\/\/hunimed.humweb.webiz.team\/#\/schema\/person\/9b29df2e5bdde01515b8bb66b863fe49","name":"cfrattini","image":{"@type":"ImageObject","inLanguage":"it-IT","@id":"https:\/\/hunimed.humweb.webiz.team\/#\/schema\/person\/image\/","url":"https:\/\/secure.gravatar.com\/avatar\/515ddecb77fdf68ab9268b690bd4f1ea?s=96&d=mm&r=g","contentUrl":"https:\/\/secure.gravatar.com\/avatar\/515ddecb77fdf68ab9268b690bd4f1ea?s=96&d=mm&r=g","caption":"cfrattini"},"url":"https:\/\/hunimed.humweb.webiz.team\/it\/news\/author\/cfrattini\/"}]}},"acf":[],"_links":{"self":[{"href":"https:\/\/hunimed.humweb.webiz.team\/it\/wp-json\/wp\/v2\/posts\/10728"}],"collection":[{"href":"https:\/\/hunimed.humweb.webiz.team\/it\/wp-json\/wp\/v2\/posts"}],"about":[{"href":"https:\/\/hunimed.humweb.webiz.team\/it\/wp-json\/wp\/v2\/types\/post"}],"author":[{"embeddable":true,"href":"https:\/\/hunimed.humweb.webiz.team\/it\/wp-json\/wp\/v2\/users\/16"}],"replies":[{"embeddable":true,"href":"https:\/\/hunimed.humweb.webiz.team\/it\/wp-json\/wp\/v2\/comments?post=10728"}],"version-history":[{"count":5,"href":"https:\/\/hunimed.humweb.webiz.team\/it\/wp-json\/wp\/v2\/posts\/10728\/revisions"}],"predecessor-version":[{"id":10855,"href":"https:\/\/hunimed.humweb.webiz.team\/it\/wp-json\/wp\/v2\/posts\/10728\/revisions\/10855"}],"wp:featuredmedia":[{"embeddable":true,"href":"https:\/\/hunimed.humweb.webiz.team\/it\/wp-json\/wp\/v2\/media\/10736"}],"wp:attachment":[{"href":"https:\/\/hunimed.humweb.webiz.team\/it\/wp-json\/wp\/v2\/media?parent=10728"}],"wp:term":[{"taxonomy":"category","embeddable":true,"href":"https:\/\/hunimed.humweb.webiz.team\/it\/wp-json\/wp\/v2\/categories?post=10728"},{"taxonomy":"post_tag","embeddable":true,"href":"https:\/\/hunimed.humweb.webiz.team\/it\/wp-json\/wp\/v2\/tags?post=10728"}],"curies":[{"name":"wp","href":"https:\/\/api.w.org\/{rel}","templated":true}]}}