{"id":10598,"date":"2020-04-29T10:11:05","date_gmt":"2020-04-29T10:11:05","guid":{"rendered":"https:\/\/www.hunimed.eu\/?p=10598"},"modified":"2020-05-04T14:02:19","modified_gmt":"2020-05-04T14:02:19","slug":"maurizio-cecconi-per-jama-uno-dei-tre-eroi-della-pandemia","status":"publish","type":"post","link":"https:\/\/hunimed.humweb.webiz.team\/it\/news\/maurizio-cecconi-per-jama-uno-dei-tre-eroi-della-pandemia\/","title":{"rendered":"Maurizio Cecconi: per Jama uno dei tre \u201ceroi della pandemia\u201d"},"content":{"rendered":"<p>Il <strong>professor<\/strong> <strong>Maurizio Cecconi<\/strong>, docente di <strong>Humanitas University<\/strong>, Resposanbile Anestesia e Terapie intensive in <strong>Humanitas<\/strong> \u00e8 stato riconosciuto da <strong><em>Jama<\/em> <\/strong>\u00a0(<em>Journal of the American Medical Association), <\/em>una delle riviste mediche pi\u00f9 importanti al mondo, uno dei tre \u201cEroi della pandemia\u201d insieme all\u2019oculista di Wuhan <strong>Li Wenliang<\/strong>, morto di coronavirus dopo averne denunciato la gravit\u00e0, e <strong>Anthony Fauci<\/strong>, esperto infettivologo americano.<\/p>\n<p>Fondamentale \u00e8 stato il suo impegno nella diffusione delle informazioni sulla pandemia Coronavirus, al fine di limitarne il pi\u00f9 possibile il contagio: per primo ha raccontato al mondo la drammatica situazione che stava vivendo la Lombardia a causa del Covid-19, organizzando numerose<strong> videoconferenze\u00a0con migliaia di colleghi in tutto il mondo<\/strong>, anche da paesi in via di sviluppo, per condividere notizie sull\u2019emergenza e prepararli a ci\u00f2 che stava accadendo. Il 21 febbraio ha segnato l&#8217;inizio dell&#8217;impegno nella comunicazione da parte del Professor Cecconi: il 5 marzo insieme ad Antonio Pesenti e Giacomo Grasselli del Policlinco ha inviato una lettera tramite la Societ\u00e0 Europea di Medicina Intensiva: &#8220;\u00c8 una cosa seria. Preparate quanti pi\u00f9 letti d&#8217;ospedale possibile. \u201d<\/p>\n<p>Ora pi\u00f9 che mai emerge l\u2019importanza di condividere il sapere e di avere una preparazione che consenta di affrontare al meglio qualunque emergenza, in qualunque parte del mondo.<\/p>\n<p><strong>\u00a0<\/strong>\u201cGrazie a Jama per questo riconoscimento, che voglio condividere con tutta la comunit\u00e0 medica e scientifica non solo della Lombardia ma dell\u2019Italia intera. Ricordate: non appena diventate uno studente di medicina per diventare poi un professionista, entrate a far parte di questa stessa comunit\u00e0. Non siamo eroi ma so che abbiamo lavorato insieme con impegno e passione e condiviso ogni dato, informazione o evidenza in nostro possesso. Siamo felici se questo nostro sforzo ha potuto aiutare gli altri Paesi a prepararsi al meglio\u201d commenta il prof. Cecconi.<\/p>\n<p><strong>L\u2019orgoglio per quanto si \u00e8 fatto e si sta facendo<\/strong><\/p>\n<p>In quello che definisce uno \u201ctsunami\u201d che ha travolto tutti gli operatori sanitari, Cecconi tiene a sottolineare gli aspetti positivi: \u201cAbbiamo dato un letto a chiunque ne avesse bisogno. Abbiamo imparato a sorridere con gli occhi: le bardature ci lasciano liberi solo quelli. Abbiamo stretto la mano a tutti i pazienti che non ce l\u2019hanno fatta, senza lasciarli mai soli. Medici, infermieri e staff dell\u2019ospedale, abbiamo dimostrato un\u2019unione incredibile. La parola eroe non mi piace, ma quella orgoglio s\u00ec. E di quel che stiamo facendo sono orgoglioso, quando torno a casa sfinito\u201d.<\/p>\n<p><strong>\u00a0<\/strong><\/p>\n","protected":false},"excerpt":{"rendered":"<p>Il professor Maurizio Cecconi, docente di Humanitas University, Resposanbile Anestesia e Terapie intensive in Humanitas \u00e8 stato riconosciuto&#8230;<\/p>\n","protected":false},"author":16,"featured_media":10606,"comment_status":"closed","ping_status":"closed","sticky":false,"template":"","format":"standard","meta":{"footnotes":""},"categories":[1167],"tags":[],"yoast_head":"<!-- This site is optimized with the Yoast SEO plugin v22.0 - https:\/\/yoast.com\/wordpress\/plugins\/seo\/ -->\n<title>Maurizio Cecconi: per Jama uno dei tre \u201ceroi della pandemia\u201d - Hunimed<\/title>\n<meta name=\"description\" content=\"Il professor Maurizio Cecconi, docente di Humanitas University, Resposanbile Anestesia e Terapie intensive in Humanitas \u00e8 stato riconosciuto da Jama\" \/>\n<meta name=\"robots\" content=\"noindex, follow, max-snippet:-1, max-image-preview:large, max-video-preview:-1\" \/>\n<meta property=\"og:locale\" content=\"it_IT\" \/>\n<meta property=\"og:type\" content=\"article\" \/>\n<meta property=\"og:title\" content=\"Maurizio Cecconi: per Jama uno dei tre \u201ceroi della pandemia\u201d - Hunimed\" \/>\n<meta property=\"og:description\" content=\"Il professor Maurizio Cecconi, docente di Humanitas University, Resposanbile Anestesia e Terapie intensive in Humanitas \u00e8 stato riconosciuto da Jama\" \/>\n<meta property=\"og:url\" content=\"https:\/\/www.hunimed.eu\/it\/news\/maurizio-cecconi-per-jama-uno-dei-tre-eroi-della-pandemia\/\" \/>\n<meta property=\"og:site_name\" content=\"Hunimed\" \/>\n<meta property=\"article:publisher\" content=\"https:\/\/www.facebook.com\/Hunimed\/\" \/>\n<meta property=\"article:published_time\" content=\"2020-04-29T10:11:05+00:00\" \/>\n<meta property=\"article:modified_time\" content=\"2020-05-04T14:02:19+00:00\" \/>\n<meta property=\"og:image\" content=\"https:\/\/www.hunimed.eu\/wp-content\/uploads\/2020\/04\/maurizio-cecconi3.jpg\" \/>\n\t<meta property=\"og:image:width\" content=\"1031\" \/>\n\t<meta property=\"og:image:height\" content=\"672\" \/>\n\t<meta property=\"og:image:type\" content=\"image\/jpeg\" \/>\n<meta name=\"author\" content=\"cfrattini\" \/>\n<meta name=\"twitter:card\" content=\"summary_large_image\" \/>\n<meta name=\"twitter:label1\" content=\"Scritto da\" \/>\n\t<meta name=\"twitter:data1\" content=\"cfrattini\" \/>\n\t<meta name=\"twitter:label2\" content=\"Tempo di lettura stimato\" \/>\n\t<meta name=\"twitter:data2\" content=\"2 minuti\" \/>\n<script type=\"application\/ld+json\" class=\"yoast-schema-graph\">{\"@context\":\"https:\/\/schema.org\",\"@graph\":[{\"@type\":\"Article\",\"@id\":\"https:\/\/www.hunimed.eu\/it\/news\/maurizio-cecconi-per-jama-uno-dei-tre-eroi-della-pandemia\/#article\",\"isPartOf\":{\"@id\":\"https:\/\/www.hunimed.eu\/it\/news\/maurizio-cecconi-per-jama-uno-dei-tre-eroi-della-pandemia\/\"},\"author\":{\"name\":\"cfrattini\",\"@id\":\"https:\/\/hunimed.humweb.webiz.team\/#\/schema\/person\/9b29df2e5bdde01515b8bb66b863fe49\"},\"headline\":\"Maurizio Cecconi: per Jama uno dei tre \u201ceroi della pandemia\u201d\",\"datePublished\":\"2020-04-29T10:11:05+00:00\",\"dateModified\":\"2020-05-04T14:02:19+00:00\",\"mainEntityOfPage\":{\"@id\":\"https:\/\/www.hunimed.eu\/it\/news\/maurizio-cecconi-per-jama-uno-dei-tre-eroi-della-pandemia\/\"},\"wordCount\":408,\"publisher\":{\"@id\":\"https:\/\/hunimed.humweb.webiz.team\/#organization\"},\"articleSection\":[\"Covid-19\"],\"inLanguage\":\"it-IT\"},{\"@type\":\"WebPage\",\"@id\":\"https:\/\/www.hunimed.eu\/it\/news\/maurizio-cecconi-per-jama-uno-dei-tre-eroi-della-pandemia\/\",\"url\":\"https:\/\/www.hunimed.eu\/it\/news\/maurizio-cecconi-per-jama-uno-dei-tre-eroi-della-pandemia\/\",\"name\":\"Maurizio Cecconi: per Jama uno dei tre \u201ceroi della pandemia\u201d - Hunimed\",\"isPartOf\":{\"@id\":\"https:\/\/hunimed.humweb.webiz.team\/#website\"},\"datePublished\":\"2020-04-29T10:11:05+00:00\",\"dateModified\":\"2020-05-04T14:02:19+00:00\",\"description\":\"Il professor Maurizio Cecconi, docente di Humanitas University, Resposanbile Anestesia e Terapie intensive in Humanitas \u00e8 stato riconosciuto da Jama\",\"breadcrumb\":{\"@id\":\"https:\/\/www.hunimed.eu\/it\/news\/maurizio-cecconi-per-jama-uno-dei-tre-eroi-della-pandemia\/#breadcrumb\"},\"inLanguage\":\"it-IT\",\"potentialAction\":[{\"@type\":\"ReadAction\",\"target\":[\"https:\/\/www.hunimed.eu\/it\/news\/maurizio-cecconi-per-jama-uno-dei-tre-eroi-della-pandemia\/\"]}]},{\"@type\":\"BreadcrumbList\",\"@id\":\"https:\/\/www.hunimed.eu\/it\/news\/maurizio-cecconi-per-jama-uno-dei-tre-eroi-della-pandemia\/#breadcrumb\",\"itemListElement\":[{\"@type\":\"ListItem\",\"position\":1,\"name\":\"Home\",\"item\":\"https:\/\/www.hunimed.eu\/it\/\"},{\"@type\":\"ListItem\",\"position\":2,\"name\":\"Maurizio Cecconi: per Jama uno dei tre \u201ceroi della pandemia\u201d\"}]},{\"@type\":\"WebSite\",\"@id\":\"https:\/\/hunimed.humweb.webiz.team\/#website\",\"url\":\"https:\/\/hunimed.humweb.webiz.team\/\",\"name\":\"Hunimed\",\"description\":\"Humanitas University\",\"publisher\":{\"@id\":\"https:\/\/hunimed.humweb.webiz.team\/#organization\"},\"potentialAction\":[{\"@type\":\"SearchAction\",\"target\":{\"@type\":\"EntryPoint\",\"urlTemplate\":\"https:\/\/hunimed.humweb.webiz.team\/?s={search_term_string}\"},\"query-input\":\"required name=search_term_string\"}],\"inLanguage\":\"it-IT\"},{\"@type\":\"Organization\",\"@id\":\"https:\/\/hunimed.humweb.webiz.team\/#organization\",\"name\":\"Humanitas University\",\"url\":\"https:\/\/hunimed.humweb.webiz.team\/\",\"logo\":{\"@type\":\"ImageObject\",\"inLanguage\":\"it-IT\",\"@id\":\"https:\/\/hunimed.humweb.webiz.team\/#\/schema\/logo\/image\/\",\"url\":\"https:\/\/hunimed.humweb.webiz.team\/wp-content\/uploads\/2019\/07\/logo.svg\",\"contentUrl\":\"https:\/\/hunimed.humweb.webiz.team\/wp-content\/uploads\/2019\/07\/logo.svg\",\"caption\":\"Humanitas University\"},\"image\":{\"@id\":\"https:\/\/hunimed.humweb.webiz.team\/#\/schema\/logo\/image\/\"},\"sameAs\":[\"https:\/\/www.facebook.com\/Hunimed\/\",\"https:\/\/www.linkedin.com\/school\/18280267\/admin\/\"]},{\"@type\":\"Person\",\"@id\":\"https:\/\/hunimed.humweb.webiz.team\/#\/schema\/person\/9b29df2e5bdde01515b8bb66b863fe49\",\"name\":\"cfrattini\",\"image\":{\"@type\":\"ImageObject\",\"inLanguage\":\"it-IT\",\"@id\":\"https:\/\/hunimed.humweb.webiz.team\/#\/schema\/person\/image\/\",\"url\":\"https:\/\/secure.gravatar.com\/avatar\/515ddecb77fdf68ab9268b690bd4f1ea?s=96&d=mm&r=g\",\"contentUrl\":\"https:\/\/secure.gravatar.com\/avatar\/515ddecb77fdf68ab9268b690bd4f1ea?s=96&d=mm&r=g\",\"caption\":\"cfrattini\"},\"url\":\"https:\/\/hunimed.humweb.webiz.team\/it\/news\/author\/cfrattini\/\"}]}<\/script>\n<!-- \/ Yoast SEO plugin. -->","yoast_head_json":{"title":"Maurizio Cecconi: per Jama uno dei tre \u201ceroi della pandemia\u201d - Hunimed","description":"Il professor Maurizio Cecconi, docente di Humanitas University, Resposanbile Anestesia e Terapie intensive in Humanitas \u00e8 stato riconosciuto da Jama","robots":{"index":"noindex","follow":"follow","max-snippet":"max-snippet:-1","max-image-preview":"max-image-preview:large","max-video-preview":"max-video-preview:-1"},"og_locale":"it_IT","og_type":"article","og_title":"Maurizio Cecconi: per Jama uno dei tre \u201ceroi della pandemia\u201d - Hunimed","og_description":"Il professor Maurizio Cecconi, docente di Humanitas University, Resposanbile Anestesia e Terapie intensive in Humanitas \u00e8 stato riconosciuto da Jama","og_url":"https:\/\/www.hunimed.eu\/it\/news\/maurizio-cecconi-per-jama-uno-dei-tre-eroi-della-pandemia\/","og_site_name":"Hunimed","article_publisher":"https:\/\/www.facebook.com\/Hunimed\/","article_published_time":"2020-04-29T10:11:05+00:00","article_modified_time":"2020-05-04T14:02:19+00:00","og_image":[{"width":1031,"height":672,"url":"https:\/\/www.hunimed.eu\/wp-content\/uploads\/2020\/04\/maurizio-cecconi3.jpg","type":"image\/jpeg"}],"author":"cfrattini","twitter_card":"summary_large_image","twitter_misc":{"Scritto da":"cfrattini","Tempo di lettura stimato":"2 minuti"},"schema":{"@context":"https:\/\/schema.org","@graph":[{"@type":"Article","@id":"https:\/\/www.hunimed.eu\/it\/news\/maurizio-cecconi-per-jama-uno-dei-tre-eroi-della-pandemia\/#article","isPartOf":{"@id":"https:\/\/www.hunimed.eu\/it\/news\/maurizio-cecconi-per-jama-uno-dei-tre-eroi-della-pandemia\/"},"author":{"name":"cfrattini","@id":"https:\/\/hunimed.humweb.webiz.team\/#\/schema\/person\/9b29df2e5bdde01515b8bb66b863fe49"},"headline":"Maurizio Cecconi: per Jama uno dei tre \u201ceroi della pandemia\u201d","datePublished":"2020-04-29T10:11:05+00:00","dateModified":"2020-05-04T14:02:19+00:00","mainEntityOfPage":{"@id":"https:\/\/www.hunimed.eu\/it\/news\/maurizio-cecconi-per-jama-uno-dei-tre-eroi-della-pandemia\/"},"wordCount":408,"publisher":{"@id":"https:\/\/hunimed.humweb.webiz.team\/#organization"},"articleSection":["Covid-19"],"inLanguage":"it-IT"},{"@type":"WebPage","@id":"https:\/\/www.hunimed.eu\/it\/news\/maurizio-cecconi-per-jama-uno-dei-tre-eroi-della-pandemia\/","url":"https:\/\/www.hunimed.eu\/it\/news\/maurizio-cecconi-per-jama-uno-dei-tre-eroi-della-pandemia\/","name":"Maurizio Cecconi: per Jama uno dei tre \u201ceroi della pandemia\u201d - Hunimed","isPartOf":{"@id":"https:\/\/hunimed.humweb.webiz.team\/#website"},"datePublished":"2020-04-29T10:11:05+00:00","dateModified":"2020-05-04T14:02:19+00:00","description":"Il professor Maurizio Cecconi, docente di Humanitas University, Resposanbile Anestesia e Terapie intensive in Humanitas \u00e8 stato riconosciuto da Jama","breadcrumb":{"@id":"https:\/\/www.hunimed.eu\/it\/news\/maurizio-cecconi-per-jama-uno-dei-tre-eroi-della-pandemia\/#breadcrumb"},"inLanguage":"it-IT","potentialAction":[{"@type":"ReadAction","target":["https:\/\/www.hunimed.eu\/it\/news\/maurizio-cecconi-per-jama-uno-dei-tre-eroi-della-pandemia\/"]}]},{"@type":"BreadcrumbList","@id":"https:\/\/www.hunimed.eu\/it\/news\/maurizio-cecconi-per-jama-uno-dei-tre-eroi-della-pandemia\/#breadcrumb","itemListElement":[{"@type":"ListItem","position":1,"name":"Home","item":"https:\/\/www.hunimed.eu\/it\/"},{"@type":"ListItem","position":2,"name":"Maurizio Cecconi: per Jama uno dei tre \u201ceroi della pandemia\u201d"}]},{"@type":"WebSite","@id":"https:\/\/hunimed.humweb.webiz.team\/#website","url":"https:\/\/hunimed.humweb.webiz.team\/","name":"Hunimed","description":"Humanitas University","publisher":{"@id":"https:\/\/hunimed.humweb.webiz.team\/#organization"},"potentialAction":[{"@type":"SearchAction","target":{"@type":"EntryPoint","urlTemplate":"https:\/\/hunimed.humweb.webiz.team\/?s={search_term_string}"},"query-input":"required name=search_term_string"}],"inLanguage":"it-IT"},{"@type":"Organization","@id":"https:\/\/hunimed.humweb.webiz.team\/#organization","name":"Humanitas University","url":"https:\/\/hunimed.humweb.webiz.team\/","logo":{"@type":"ImageObject","inLanguage":"it-IT","@id":"https:\/\/hunimed.humweb.webiz.team\/#\/schema\/logo\/image\/","url":"https:\/\/hunimed.humweb.webiz.team\/wp-content\/uploads\/2019\/07\/logo.svg","contentUrl":"https:\/\/hunimed.humweb.webiz.team\/wp-content\/uploads\/2019\/07\/logo.svg","caption":"Humanitas University"},"image":{"@id":"https:\/\/hunimed.humweb.webiz.team\/#\/schema\/logo\/image\/"},"sameAs":["https:\/\/www.facebook.com\/Hunimed\/","https:\/\/www.linkedin.com\/school\/18280267\/admin\/"]},{"@type":"Person","@id":"https:\/\/hunimed.humweb.webiz.team\/#\/schema\/person\/9b29df2e5bdde01515b8bb66b863fe49","name":"cfrattini","image":{"@type":"ImageObject","inLanguage":"it-IT","@id":"https:\/\/hunimed.humweb.webiz.team\/#\/schema\/person\/image\/","url":"https:\/\/secure.gravatar.com\/avatar\/515ddecb77fdf68ab9268b690bd4f1ea?s=96&d=mm&r=g","contentUrl":"https:\/\/secure.gravatar.com\/avatar\/515ddecb77fdf68ab9268b690bd4f1ea?s=96&d=mm&r=g","caption":"cfrattini"},"url":"https:\/\/hunimed.humweb.webiz.team\/it\/news\/author\/cfrattini\/"}]}},"acf":[],"_links":{"self":[{"href":"https:\/\/hunimed.humweb.webiz.team\/it\/wp-json\/wp\/v2\/posts\/10598"}],"collection":[{"href":"https:\/\/hunimed.humweb.webiz.team\/it\/wp-json\/wp\/v2\/posts"}],"about":[{"href":"https:\/\/hunimed.humweb.webiz.team\/it\/wp-json\/wp\/v2\/types\/post"}],"author":[{"embeddable":true,"href":"https:\/\/hunimed.humweb.webiz.team\/it\/wp-json\/wp\/v2\/users\/16"}],"replies":[{"embeddable":true,"href":"https:\/\/hunimed.humweb.webiz.team\/it\/wp-json\/wp\/v2\/comments?post=10598"}],"version-history":[{"count":3,"href":"https:\/\/hunimed.humweb.webiz.team\/it\/wp-json\/wp\/v2\/posts\/10598\/revisions"}],"predecessor-version":[{"id":10632,"href":"https:\/\/hunimed.humweb.webiz.team\/it\/wp-json\/wp\/v2\/posts\/10598\/revisions\/10632"}],"wp:featuredmedia":[{"embeddable":true,"href":"https:\/\/hunimed.humweb.webiz.team\/it\/wp-json\/wp\/v2\/media\/10606"}],"wp:attachment":[{"href":"https:\/\/hunimed.humweb.webiz.team\/it\/wp-json\/wp\/v2\/media?parent=10598"}],"wp:term":[{"taxonomy":"category","embeddable":true,"href":"https:\/\/hunimed.humweb.webiz.team\/it\/wp-json\/wp\/v2\/categories?post=10598"},{"taxonomy":"post_tag","embeddable":true,"href":"https:\/\/hunimed.humweb.webiz.team\/it\/wp-json\/wp\/v2\/tags?post=10598"}],"curies":[{"name":"wp","href":"https:\/\/api.w.org\/{rel}","templated":true}]}}