{"id":10134,"date":"2020-03-09T12:43:06","date_gmt":"2020-03-09T12:43:06","guid":{"rendered":"https:\/\/www.hunimed.eu\/?p=10134"},"modified":"2020-04-01T18:24:21","modified_gmt":"2020-04-01T18:24:21","slug":"coronavirus-lettera-firmata-dai-rettori-degli-atenei-lombardi","status":"publish","type":"post","link":"https:\/\/hunimed.humweb.webiz.team\/it\/news\/coronavirus-lettera-firmata-dai-rettori-degli-atenei-lombardi\/","title":{"rendered":"Coronavirus: lettera firmata dai Rettori degli Atenei lombardi"},"content":{"rendered":"<p>Mai come in questo momento c\u2019\u00e8 bisogno di dimostrare che l\u2019intero paese sta comprendendo appieno la gravit\u00e0 della infezione da Covid-19 e si affida ai consigli degli esperti.<\/p>\n<p>Come Rettori degli Atenei lombardi ci sentiamo profondamente toccati da quello che sta accadendo e abbiamo immediatamente dato seguito alle richieste delle autorit\u00e0 nazionali e regionali sospendendo le attivit\u00e0 didattiche in presenza e implementando, non senza un grande impegno sia tecnico che di personale, le lezioni a distanza. Questo consente e consentir\u00e0 ai nostri studenti di proseguire in sicurezza il programma didattico, al fine di garantire loro un regolare percorso di studi.<\/p>\n<p>Le nostre Universit\u00e0, abitualmente luogo di aggregazione e di intensi scambi scientifici e culturali, sono oggi tristemente vuote ma vogliamo che sia la testimonianza di come il contenimento sociale sia la singola e pi\u00f9 efficace manovra di ostacolo alla diffusione del virus.<\/p>\n<p>Il Paese tuttavia non pu\u00f2 reggere a lungo se ciascun cittadino non far\u00e0 la propria parte seguendo il principio pi\u00f9 importante che \u00e8 quello del contenimento sociale, restando il pi\u00f9 possibile al proprio domicilio e riducendo al massimo le attivit\u00e0 esterne. Fino ad oggi abbiamo inseguito e rincorso il virus e tutto ci\u00f2 ha portato alla saturazione dei nostri ospedali e delle terapie intensive a un livello di complessit\u00e0 e gravit\u00e0 mai visto prima. Fa piacere leggere delle manifestazioni di vicinanza e di stima al personale medico ed infermieristico dei nostri ospedali, ma tutti devono comprendere che se non otteniamo il rallentamento della curva di crescita con la seriet\u00e0 dei nostri comportamenti, tutti i loro sforzi saranno vani.<\/p>\n<p>Facciamo appello affinch\u00e9 tutti i cittadini e tutti i residenti in Italia, indipendentemente dalla regione di residenza, seguano alla lettera e nel modo pi\u00f9 scrupoloso possibile le indicazioni contenute nell\u2019ultimo decreto del Presidente del Consiglio dei Ministri e nelle correlate disposizioni attuative.<\/p>\n<p>Nessuno si senta lontano o peggio immune da questa grave epidemia che sapremo fronteggiare e vincere solo con uno sforzo comune prima di fiducia verso gli esperti, poi di comprensione e quindi di azione.<\/p>\n<p>&nbsp;<\/p>\n<p>I Rettori delle Universit\u00e0 della Lombardia<\/p>\n<p>Prof. Remo Morzenti Pellegrini \u2013 Universit\u00e0 degli studi di Bergamo<\/p>\n<p>Prof. Gianmario Verona &#8211; Universit\u00e0 Bocconi<\/p>\n<p>Prof. Marco Montorsi &#8211; Humanitas University<\/p>\n<p>Prof. Gianni Canova &#8211; IULM<\/p>\n<p>Prof. Federico Visconti &#8211; LIUC<\/p>\n<p>Prof. Ferruccio Resta \u2013 Politecnico di Milano<\/p>\n<p>Prof. Riccardo Pietrabissa &#8211; Iuss Pavia<\/p>\n<p>Prof. Elio Franzini &#8211; Universit\u00e0 degli studi di Milano<\/p>\n<p>Prof. Angelo Tagliabue &#8211; Universit\u00e0 dell&#8217;Insubria<\/p>\n<p>Prof. Francesco Svelto &#8211; Universit\u00e0 degli studi di Pavia<\/p>\n<p>Prof. Maurizio Tira &#8211; Universit\u00e0 degli studi di Brescia<\/p>\n<p>Prof. Franco Anelli &#8211; Universit\u00e0 Cattolica<\/p>\n<p>Prof. Enrico Felice Gherlone &#8211; Universit\u00e0 San Raffaele<\/p>\n<p>Prof.ssa Giovanna Iannantuoni &#8211; Universit\u00e0 Bicocca<\/p>\n","protected":false},"excerpt":{"rendered":"<p>Mai come in questo momento c\u2019\u00e8 bisogno di dimostrare che l\u2019intero paese sta comprendendo appieno la gravit\u00e0 della&#8230;<\/p>\n","protected":false},"author":10,"featured_media":10019,"comment_status":"closed","ping_status":"closed","sticky":false,"template":"","format":"standard","meta":{"footnotes":""},"categories":[1167,763],"tags":[1165],"yoast_head":"<!-- This site is optimized with the Yoast SEO plugin v22.0 - https:\/\/yoast.com\/wordpress\/plugins\/seo\/ -->\n<title>Coronavirus: lettera firmata dai Rettori degli Atenei lombardi - Hunimed<\/title>\n<meta name=\"description\" content=\"Mai come in questo momento c\u2019\u00e8 bisogno di dimostrare che l\u2019intero paese sta comprendendo appieno la gravit\u00e0 della infezione da Covid-19 e si affida ai\" \/>\n<meta name=\"robots\" content=\"noindex, follow, max-snippet:-1, max-image-preview:large, max-video-preview:-1\" \/>\n<meta property=\"og:locale\" content=\"it_IT\" \/>\n<meta property=\"og:type\" content=\"article\" \/>\n<meta property=\"og:title\" content=\"Coronavirus: lettera firmata dai Rettori degli Atenei lombardi - Hunimed\" \/>\n<meta property=\"og:description\" content=\"Mai come in questo momento c\u2019\u00e8 bisogno di dimostrare che l\u2019intero paese sta comprendendo appieno la gravit\u00e0 della infezione da Covid-19 e si affida ai\" \/>\n<meta property=\"og:url\" content=\"https:\/\/www.hunimed.eu\/it\/news\/coronavirus-lettera-firmata-dai-rettori-degli-atenei-lombardi\/\" \/>\n<meta property=\"og:site_name\" content=\"Hunimed\" \/>\n<meta property=\"article:publisher\" content=\"https:\/\/www.facebook.com\/Hunimed\/\" \/>\n<meta property=\"article:published_time\" content=\"2020-03-09T12:43:06+00:00\" \/>\n<meta property=\"article:modified_time\" content=\"2020-04-01T18:24:21+00:00\" \/>\n<meta property=\"og:image\" content=\"https:\/\/www.hunimed.eu\/wp-content\/uploads\/2020\/02\/Humanitas.png\" \/>\n\t<meta property=\"og:image:width\" content=\"2100\" \/>\n\t<meta property=\"og:image:height\" content=\"1400\" \/>\n\t<meta property=\"og:image:type\" content=\"image\/png\" \/>\n<meta name=\"author\" content=\"mcosta\" \/>\n<meta name=\"twitter:card\" content=\"summary_large_image\" \/>\n<meta name=\"twitter:label1\" content=\"Scritto da\" \/>\n\t<meta name=\"twitter:data1\" content=\"mcosta\" \/>\n\t<meta name=\"twitter:label2\" content=\"Tempo di lettura stimato\" \/>\n\t<meta name=\"twitter:data2\" content=\"2 minuti\" \/>\n<script type=\"application\/ld+json\" class=\"yoast-schema-graph\">{\"@context\":\"https:\/\/schema.org\",\"@graph\":[{\"@type\":\"Article\",\"@id\":\"https:\/\/www.hunimed.eu\/it\/news\/coronavirus-lettera-firmata-dai-rettori-degli-atenei-lombardi\/#article\",\"isPartOf\":{\"@id\":\"https:\/\/www.hunimed.eu\/it\/news\/coronavirus-lettera-firmata-dai-rettori-degli-atenei-lombardi\/\"},\"author\":{\"name\":\"mcosta\",\"@id\":\"https:\/\/hunimed.humweb.webiz.team\/#\/schema\/person\/02154ba4ce50b4097523f3103bef1beb\"},\"headline\":\"Coronavirus: lettera firmata dai Rettori degli Atenei lombardi\",\"datePublished\":\"2020-03-09T12:43:06+00:00\",\"dateModified\":\"2020-04-01T18:24:21+00:00\",\"mainEntityOfPage\":{\"@id\":\"https:\/\/www.hunimed.eu\/it\/news\/coronavirus-lettera-firmata-dai-rettori-degli-atenei-lombardi\/\"},\"wordCount\":450,\"publisher\":{\"@id\":\"https:\/\/hunimed.humweb.webiz.team\/#organization\"},\"keywords\":[\"Covid-19\"],\"articleSection\":[\"Covid-19\",\"Mondo Humanitas\"],\"inLanguage\":\"it-IT\"},{\"@type\":\"WebPage\",\"@id\":\"https:\/\/www.hunimed.eu\/it\/news\/coronavirus-lettera-firmata-dai-rettori-degli-atenei-lombardi\/\",\"url\":\"https:\/\/www.hunimed.eu\/it\/news\/coronavirus-lettera-firmata-dai-rettori-degli-atenei-lombardi\/\",\"name\":\"Coronavirus: lettera firmata dai Rettori degli Atenei lombardi - Hunimed\",\"isPartOf\":{\"@id\":\"https:\/\/hunimed.humweb.webiz.team\/#website\"},\"datePublished\":\"2020-03-09T12:43:06+00:00\",\"dateModified\":\"2020-04-01T18:24:21+00:00\",\"description\":\"Mai come in questo momento c\u2019\u00e8 bisogno di dimostrare che l\u2019intero paese sta comprendendo appieno la gravit\u00e0 della infezione da Covid-19 e si affida ai\",\"breadcrumb\":{\"@id\":\"https:\/\/www.hunimed.eu\/it\/news\/coronavirus-lettera-firmata-dai-rettori-degli-atenei-lombardi\/#breadcrumb\"},\"inLanguage\":\"it-IT\",\"potentialAction\":[{\"@type\":\"ReadAction\",\"target\":[\"https:\/\/www.hunimed.eu\/it\/news\/coronavirus-lettera-firmata-dai-rettori-degli-atenei-lombardi\/\"]}]},{\"@type\":\"BreadcrumbList\",\"@id\":\"https:\/\/www.hunimed.eu\/it\/news\/coronavirus-lettera-firmata-dai-rettori-degli-atenei-lombardi\/#breadcrumb\",\"itemListElement\":[{\"@type\":\"ListItem\",\"position\":1,\"name\":\"Home\",\"item\":\"https:\/\/www.hunimed.eu\/it\/\"},{\"@type\":\"ListItem\",\"position\":2,\"name\":\"Coronavirus: lettera firmata dai Rettori degli Atenei lombardi\"}]},{\"@type\":\"WebSite\",\"@id\":\"https:\/\/hunimed.humweb.webiz.team\/#website\",\"url\":\"https:\/\/hunimed.humweb.webiz.team\/\",\"name\":\"Hunimed\",\"description\":\"Humanitas University\",\"publisher\":{\"@id\":\"https:\/\/hunimed.humweb.webiz.team\/#organization\"},\"potentialAction\":[{\"@type\":\"SearchAction\",\"target\":{\"@type\":\"EntryPoint\",\"urlTemplate\":\"https:\/\/hunimed.humweb.webiz.team\/?s={search_term_string}\"},\"query-input\":\"required name=search_term_string\"}],\"inLanguage\":\"it-IT\"},{\"@type\":\"Organization\",\"@id\":\"https:\/\/hunimed.humweb.webiz.team\/#organization\",\"name\":\"Humanitas University\",\"url\":\"https:\/\/hunimed.humweb.webiz.team\/\",\"logo\":{\"@type\":\"ImageObject\",\"inLanguage\":\"it-IT\",\"@id\":\"https:\/\/hunimed.humweb.webiz.team\/#\/schema\/logo\/image\/\",\"url\":\"https:\/\/hunimed.humweb.webiz.team\/wp-content\/uploads\/2019\/07\/logo.svg\",\"contentUrl\":\"https:\/\/hunimed.humweb.webiz.team\/wp-content\/uploads\/2019\/07\/logo.svg\",\"caption\":\"Humanitas University\"},\"image\":{\"@id\":\"https:\/\/hunimed.humweb.webiz.team\/#\/schema\/logo\/image\/\"},\"sameAs\":[\"https:\/\/www.facebook.com\/Hunimed\/\",\"https:\/\/www.linkedin.com\/school\/18280267\/admin\/\"]},{\"@type\":\"Person\",\"@id\":\"https:\/\/hunimed.humweb.webiz.team\/#\/schema\/person\/02154ba4ce50b4097523f3103bef1beb\",\"name\":\"mcosta\",\"image\":{\"@type\":\"ImageObject\",\"inLanguage\":\"it-IT\",\"@id\":\"https:\/\/hunimed.humweb.webiz.team\/#\/schema\/person\/image\/\",\"url\":\"https:\/\/secure.gravatar.com\/avatar\/40a7eb862bff82a87bc5afdbe6179552?s=96&d=mm&r=g\",\"contentUrl\":\"https:\/\/secure.gravatar.com\/avatar\/40a7eb862bff82a87bc5afdbe6179552?s=96&d=mm&r=g\",\"caption\":\"mcosta\"},\"url\":\"https:\/\/hunimed.humweb.webiz.team\/it\/news\/author\/mcosta\/\"}]}<\/script>\n<!-- \/ Yoast SEO plugin. -->","yoast_head_json":{"title":"Coronavirus: lettera firmata dai Rettori degli Atenei lombardi - Hunimed","description":"Mai come in questo momento c\u2019\u00e8 bisogno di dimostrare che l\u2019intero paese sta comprendendo appieno la gravit\u00e0 della infezione da Covid-19 e si affida ai","robots":{"index":"noindex","follow":"follow","max-snippet":"max-snippet:-1","max-image-preview":"max-image-preview:large","max-video-preview":"max-video-preview:-1"},"og_locale":"it_IT","og_type":"article","og_title":"Coronavirus: lettera firmata dai Rettori degli Atenei lombardi - Hunimed","og_description":"Mai come in questo momento c\u2019\u00e8 bisogno di dimostrare che l\u2019intero paese sta comprendendo appieno la gravit\u00e0 della infezione da Covid-19 e si affida ai","og_url":"https:\/\/www.hunimed.eu\/it\/news\/coronavirus-lettera-firmata-dai-rettori-degli-atenei-lombardi\/","og_site_name":"Hunimed","article_publisher":"https:\/\/www.facebook.com\/Hunimed\/","article_published_time":"2020-03-09T12:43:06+00:00","article_modified_time":"2020-04-01T18:24:21+00:00","og_image":[{"width":2100,"height":1400,"url":"https:\/\/www.hunimed.eu\/wp-content\/uploads\/2020\/02\/Humanitas.png","type":"image\/png"}],"author":"mcosta","twitter_card":"summary_large_image","twitter_misc":{"Scritto da":"mcosta","Tempo di lettura stimato":"2 minuti"},"schema":{"@context":"https:\/\/schema.org","@graph":[{"@type":"Article","@id":"https:\/\/www.hunimed.eu\/it\/news\/coronavirus-lettera-firmata-dai-rettori-degli-atenei-lombardi\/#article","isPartOf":{"@id":"https:\/\/www.hunimed.eu\/it\/news\/coronavirus-lettera-firmata-dai-rettori-degli-atenei-lombardi\/"},"author":{"name":"mcosta","@id":"https:\/\/hunimed.humweb.webiz.team\/#\/schema\/person\/02154ba4ce50b4097523f3103bef1beb"},"headline":"Coronavirus: lettera firmata dai Rettori degli Atenei lombardi","datePublished":"2020-03-09T12:43:06+00:00","dateModified":"2020-04-01T18:24:21+00:00","mainEntityOfPage":{"@id":"https:\/\/www.hunimed.eu\/it\/news\/coronavirus-lettera-firmata-dai-rettori-degli-atenei-lombardi\/"},"wordCount":450,"publisher":{"@id":"https:\/\/hunimed.humweb.webiz.team\/#organization"},"keywords":["Covid-19"],"articleSection":["Covid-19","Mondo Humanitas"],"inLanguage":"it-IT"},{"@type":"WebPage","@id":"https:\/\/www.hunimed.eu\/it\/news\/coronavirus-lettera-firmata-dai-rettori-degli-atenei-lombardi\/","url":"https:\/\/www.hunimed.eu\/it\/news\/coronavirus-lettera-firmata-dai-rettori-degli-atenei-lombardi\/","name":"Coronavirus: lettera firmata dai Rettori degli Atenei lombardi - Hunimed","isPartOf":{"@id":"https:\/\/hunimed.humweb.webiz.team\/#website"},"datePublished":"2020-03-09T12:43:06+00:00","dateModified":"2020-04-01T18:24:21+00:00","description":"Mai come in questo momento c\u2019\u00e8 bisogno di dimostrare che l\u2019intero paese sta comprendendo appieno la gravit\u00e0 della infezione da Covid-19 e si affida ai","breadcrumb":{"@id":"https:\/\/www.hunimed.eu\/it\/news\/coronavirus-lettera-firmata-dai-rettori-degli-atenei-lombardi\/#breadcrumb"},"inLanguage":"it-IT","potentialAction":[{"@type":"ReadAction","target":["https:\/\/www.hunimed.eu\/it\/news\/coronavirus-lettera-firmata-dai-rettori-degli-atenei-lombardi\/"]}]},{"@type":"BreadcrumbList","@id":"https:\/\/www.hunimed.eu\/it\/news\/coronavirus-lettera-firmata-dai-rettori-degli-atenei-lombardi\/#breadcrumb","itemListElement":[{"@type":"ListItem","position":1,"name":"Home","item":"https:\/\/www.hunimed.eu\/it\/"},{"@type":"ListItem","position":2,"name":"Coronavirus: lettera firmata dai Rettori degli Atenei lombardi"}]},{"@type":"WebSite","@id":"https:\/\/hunimed.humweb.webiz.team\/#website","url":"https:\/\/hunimed.humweb.webiz.team\/","name":"Hunimed","description":"Humanitas University","publisher":{"@id":"https:\/\/hunimed.humweb.webiz.team\/#organization"},"potentialAction":[{"@type":"SearchAction","target":{"@type":"EntryPoint","urlTemplate":"https:\/\/hunimed.humweb.webiz.team\/?s={search_term_string}"},"query-input":"required name=search_term_string"}],"inLanguage":"it-IT"},{"@type":"Organization","@id":"https:\/\/hunimed.humweb.webiz.team\/#organization","name":"Humanitas University","url":"https:\/\/hunimed.humweb.webiz.team\/","logo":{"@type":"ImageObject","inLanguage":"it-IT","@id":"https:\/\/hunimed.humweb.webiz.team\/#\/schema\/logo\/image\/","url":"https:\/\/hunimed.humweb.webiz.team\/wp-content\/uploads\/2019\/07\/logo.svg","contentUrl":"https:\/\/hunimed.humweb.webiz.team\/wp-content\/uploads\/2019\/07\/logo.svg","caption":"Humanitas University"},"image":{"@id":"https:\/\/hunimed.humweb.webiz.team\/#\/schema\/logo\/image\/"},"sameAs":["https:\/\/www.facebook.com\/Hunimed\/","https:\/\/www.linkedin.com\/school\/18280267\/admin\/"]},{"@type":"Person","@id":"https:\/\/hunimed.humweb.webiz.team\/#\/schema\/person\/02154ba4ce50b4097523f3103bef1beb","name":"mcosta","image":{"@type":"ImageObject","inLanguage":"it-IT","@id":"https:\/\/hunimed.humweb.webiz.team\/#\/schema\/person\/image\/","url":"https:\/\/secure.gravatar.com\/avatar\/40a7eb862bff82a87bc5afdbe6179552?s=96&d=mm&r=g","contentUrl":"https:\/\/secure.gravatar.com\/avatar\/40a7eb862bff82a87bc5afdbe6179552?s=96&d=mm&r=g","caption":"mcosta"},"url":"https:\/\/hunimed.humweb.webiz.team\/it\/news\/author\/mcosta\/"}]}},"acf":[],"_links":{"self":[{"href":"https:\/\/hunimed.humweb.webiz.team\/it\/wp-json\/wp\/v2\/posts\/10134"}],"collection":[{"href":"https:\/\/hunimed.humweb.webiz.team\/it\/wp-json\/wp\/v2\/posts"}],"about":[{"href":"https:\/\/hunimed.humweb.webiz.team\/it\/wp-json\/wp\/v2\/types\/post"}],"author":[{"embeddable":true,"href":"https:\/\/hunimed.humweb.webiz.team\/it\/wp-json\/wp\/v2\/users\/10"}],"replies":[{"embeddable":true,"href":"https:\/\/hunimed.humweb.webiz.team\/it\/wp-json\/wp\/v2\/comments?post=10134"}],"version-history":[{"count":2,"href":"https:\/\/hunimed.humweb.webiz.team\/it\/wp-json\/wp\/v2\/posts\/10134\/revisions"}],"predecessor-version":[{"id":10136,"href":"https:\/\/hunimed.humweb.webiz.team\/it\/wp-json\/wp\/v2\/posts\/10134\/revisions\/10136"}],"wp:featuredmedia":[{"embeddable":true,"href":"https:\/\/hunimed.humweb.webiz.team\/it\/wp-json\/wp\/v2\/media\/10019"}],"wp:attachment":[{"href":"https:\/\/hunimed.humweb.webiz.team\/it\/wp-json\/wp\/v2\/media?parent=10134"}],"wp:term":[{"taxonomy":"category","embeddable":true,"href":"https:\/\/hunimed.humweb.webiz.team\/it\/wp-json\/wp\/v2\/categories?post=10134"},{"taxonomy":"post_tag","embeddable":true,"href":"https:\/\/hunimed.humweb.webiz.team\/it\/wp-json\/wp\/v2\/tags?post=10134"}],"curies":[{"name":"wp","href":"https:\/\/api.w.org\/{rel}","templated":true}]}}